{"id":678,"date":"2022-11-17T19:21:19","date_gmt":"2022-11-17T18:21:19","guid":{"rendered":"https:\/\/www.moinreise.de\/?p=678"},"modified":"2022-11-30T11:42:10","modified_gmt":"2022-11-30T10:42:10","slug":"es-geht-wieder-loooos","status":"publish","type":"post","link":"https:\/\/www.moinreise.de\/index.php\/2022\/11\/17\/es-geht-wieder-loooos\/","title":{"rendered":"Es geht wieder loooos :)"},"content":{"rendered":"\n<p>Moin Leute,<\/p>\n\n\n\n<p>heute vor genau drei Jahren, am 17.11.2019, haben wir unsere Weltreise 1.0 gestartet und was soll ich sagen: Es geht wieder los! In etwas mehr als zwei Wochen sitzen wir auf gepackten Koffern, ach nee Rucks\u00e4cken, und starten am Flughafen Bremen in Richtung Sri Lanka. Dort wartet das erste spannende Abenteuer auf uns und wir nehmen euch hier nat\u00fcrlich wieder mit. Auf unserer Weltreise 2.0 reisen wir durch S\u00fcdostasien, Neuseeland und Australien und die S\u00fcdsee. Wir freuen uns wieder auf viele flei\u00dfige Leser und Kommentare. Wir h\u00f6ren uns dann im Dezember, wenn es wieder hei\u00dft: Tsch\u00fcss Deutschland, Moin Reise!<\/p>\n\n\n\n<p>Janina und Tobi<\/p>\n\n\n<div class=\"wp-block-image\">\n<figure class=\"alignleft size-large is-resized\"><img loading=\"lazy\" decoding=\"async\" src=\"https:\/\/www.moinreise.de\/wp-content\/uploads\/2022\/11\/IMG_4161_verkleinert-768x1024.jpg\" alt=\"\" class=\"wp-image-679\" width=\"381\" height=\"508\" srcset=\"https:\/\/www.moinreise.de\/wp-content\/uploads\/2022\/11\/IMG_4161_verkleinert-768x1024.jpg 768w, https:\/\/www.moinreise.de\/wp-content\/uploads\/2022\/11\/IMG_4161_verkleinert-225x300.jpg 225w, https:\/\/www.moinreise.de\/wp-content\/uploads\/2022\/11\/IMG_4161_verkleinert-1152x1536.jpg 1152w, https:\/\/www.moinreise.de\/wp-content\/uploads\/2022\/11\/IMG_4161_verkleinert.jpg 1158w\" sizes=\"auto, (max-width: 381px) 100vw, 381px\" \/><figcaption class=\"wp-element-caption\">Im Sommer 2022 haben wir Pisa besucht<\/figcaption><\/figure><\/div>","protected":false},"excerpt":{"rendered":"<p>Moin Leute, heute vor genau drei Jahren, am 17.11.2019, haben wir unsere Weltreise 1.0 gestartet und was soll ich sagen: Es geht wieder los! In etwas mehr als zwei Wochen sitzen wir auf gepackten Koffern, ach nee Rucks\u00e4cken, und starten am Flughafen Bremen in Richtung Sri Lanka. Dort wartet das erste spannende Abenteuer auf uns&hellip;<\/p>\n","protected":false},"author":3,"featured_media":0,"comment_status":"open","ping_status":"open","sticky":false,"template":"","format":"standard","meta":{"_monsterinsights_skip_tracking":false,"_monsterinsights_sitenote_active":false,"_monsterinsights_sitenote_note":"","_monsterinsights_sitenote_category":0,"footnotes":""},"categories":[1],"tags":[],"class_list":["post-678","post","type-post","status-publish","format-standard","hentry","category-allgemein"],"aioseo_notices":[],"post_mailing_queue_ids":[],"_links":{"self":[{"href":"https:\/\/www.moinreise.de\/index.php\/wp-json\/wp\/v2\/posts\/678","targetHints":{"allow":["GET"]}}],"collection":[{"href":"https:\/\/www.moinreise.de\/index.php\/wp-json\/wp\/v2\/posts"}],"about":[{"href":"https:\/\/www.moinreise.de\/index.php\/wp-json\/wp\/v2\/types\/post"}],"author":[{"embeddable":true,"href":"https:\/\/www.moinreise.de\/index.php\/wp-json\/wp\/v2\/users\/3"}],"replies":[{"embeddable":true,"href":"https:\/\/www.moinreise.de\/index.php\/wp-json\/wp\/v2\/comments?post=678"}],"version-history":[{"count":3,"href":"https:\/\/www.moinreise.de\/index.php\/wp-json\/wp\/v2\/posts\/678\/revisions"}],"predecessor-version":[{"id":698,"href":"https:\/\/www.moinreise.de\/index.php\/wp-json\/wp\/v2\/posts\/678\/revisions\/698"}],"wp:attachment":[{"href":"https:\/\/www.moinreise.de\/index.php\/wp-json\/wp\/v2\/media?parent=678"}],"wp:term":[{"taxonomy":"category","embeddable":true,"href":"https:\/\/www.moinreise.de\/index.php\/wp-json\/wp\/v2\/categories?post=678"},{"taxonomy":"post_tag","embeddable":true,"href":"https:\/\/www.moinreise.de\/index.php\/wp-json\/wp\/v2\/tags?post=678"}],"curies":[{"name":"wp","href":"https:\/\/api.w.org\/{rel}","templated":true}]}}