{"id":582,"date":"2020-03-30T00:10:29","date_gmt":"2020-03-29T22:10:29","guid":{"rendered":"https:\/\/www.moinreise.de\/?p=582"},"modified":"2023-07-24T20:16:42","modified_gmt":"2023-07-24T18:16:42","slug":"18-viva-la-mexico-zu-janinas-geburtstag","status":"publish","type":"post","link":"https:\/\/www.moinreise.de\/index.php\/2020\/03\/30\/18-viva-la-mexico-zu-janinas-geburtstag\/","title":{"rendered":"#18 Viva la M\u00e9xico zu Janinas Geburtstag"},"content":{"rendered":"\n<p class=\"has-medium-font-size\">Unsere Reisezeit: M\u00e4rz 2020<\/p>\n\n\n\n<figure class=\"wp-block-image size-large is-resized\"><img loading=\"lazy\" decoding=\"async\" src=\"https:\/\/www.moinreise.de\/wp-content\/uploads\/2020\/03\/IMG_E1186_verkleinert-1024x768.jpg\" alt=\"\" class=\"wp-image-595\" width=\"454\" height=\"341\" srcset=\"https:\/\/www.moinreise.de\/wp-content\/uploads\/2020\/03\/IMG_E1186_verkleinert-1024x768.jpg 1024w, https:\/\/www.moinreise.de\/wp-content\/uploads\/2020\/03\/IMG_E1186_verkleinert-300x225.jpg 300w, https:\/\/www.moinreise.de\/wp-content\/uploads\/2020\/03\/IMG_E1186_verkleinert-768x576.jpg 768w, https:\/\/www.moinreise.de\/wp-content\/uploads\/2020\/03\/IMG_E1186_verkleinert-1536x1152.jpg 1536w, https:\/\/www.moinreise.de\/wp-content\/uploads\/2020\/03\/IMG_E1186_verkleinert-120x90.jpg 120w, https:\/\/www.moinreise.de\/wp-content\/uploads\/2020\/03\/IMG_E1186_verkleinert.jpg 2016w\" sizes=\"auto, (max-width: 454px) 100vw, 454px\" \/><figcaption class=\"wp-element-caption\"><strong>Coole mexikanische Tacobar<\/strong><\/figcaption><\/figure>\n\n\n\n<p>Wir machten uns fr\u00fch morgens auf den Weg und erwarteten um\n6:50 Uhr das vorbestellte Taxi, damit wir um 7 Uhr an der Bushaltestelle bereit\nzur Abfahrt Richtung M\u00e9xico waren. Zu unserer Verwunderung kam aber kein Taxi\u2026 der\nTag fing ja gut an! Nach kurzem \u00dcberlegen machten wir uns in der Hoffnung ein\nAuto an der Hauptstra\u00dfe im Ort abzufangen, das uns Richtung Bushaltestelle\nmitnimmt, zu Fu\u00df mit unseren Backpacks auf den Weg. Das erste Auto hielt auf\nHandzeichen auch gleich an und meinte, wir sollen entspannt bleiben, da heute ein\nFeiertag sei und der Bus sowieso erst in einer Stunde kommt. Der Fahrer eines\nweiteren Fahrzeuges best\u00e4tigte uns den Feiertag, meinte aber dass hier gleich\ngar kein Bus vorbeikommen wird und wir zur Landstra\u00dfe m\u00fcssten, die ca. 10 km\nentfernt sei. Er w\u00fcrde uns auch f\u00fcr 10 Belizian Dollar (ca. 5 US$) dort\nhinfahren. Zu allem \u00dcberfluss wurden wir an diesem Morgen auch noch Zeuge wie ein\nentgegenkommendes Auto mit \u00fcberh\u00f6hter Geschwindigkeit einen Stra\u00dfenhund anfuhr.\nWir wollten dem Hund helfen, aber als wir wieder zur Unfallstelle blickten, war\ner verschwunden. Uns w\u00fcrde es wirklich wundern, wenn dieser Hund auf lange\nSicht das Anfahrman\u00f6ver \u00fcberlebt hat.<\/p>\n\n\n\n<p>Der Fahrer brachte uns zur Landstra\u00dfe, zu allem \u00dcberfluss riss Tobis Rucksack\u00fcberzug noch beim Aussteigen kaputt, und dort standen wir nun mit Sack und Pack mit ein paar anderen wartenden Einheimischen. Wir bekamen die Info, dass \u201eunser\u201c Bus gerade vor zwei Minuten hier vorbeigefahren sei \u2013 na ganz prima! Wir machten uns sowieso bereits Gedanken dar\u00fcber, ob wir aufgrund der ohnehin schon knapp bemessenen Fahrzeit nach M\u00e9xico den ganzen Weg quer durch Belize heute schaffen werden, nun ist auch noch Feiertag und unser Bus ist gerade vorbeigefahren\u2026 Zum Gl\u00fcck kam aber \u00fcberraschenderweise nach ca. 20 Minuten der n\u00e4chste Bus und wir machten uns auf den Weg. Puuuh, noch einmal Gl\u00fcck gehabt! Im Bus hatten wir zun\u00e4chst keinen Sitzplatz und standen im Gang, das machte uns aber nichts aus. Tobi h\u00e4tte nicht 2 cm gr\u00f6\u00dfer sein d\u00fcrfen, ansonsten h\u00e4tte er f\u00fcr die n\u00e4chsten 30 Minuten den Kopf einklappen m\u00fcssen. Naja, Hauptsache wir sind unterwegs und machen Strecke gut.<\/p>\n\n\n\n<p>Nach sieben Stunden Fahrt und einmaligem Umstieg in Belize City standen wir an der Grenze zu M\u00e9xico. Dort mussten wir eine Ausreisegeb\u00fchr f\u00fcr Belize bezahlen, und liefen weiter Richtung Einreiseschalter nach M\u00e9xico. Hm, aber irgendwie sah das alles sehr weit weg aus und dann stand da auf einmal dieser Taxifahrer, der uns einen guten Preis anbot mit uns \u00fcber die Grenze zu fahren bis zu unserem heutigen Ziel: zur blauen Lagune von Bacalar. Mittlerweile war es 15 Uhr, in Mexico sogar bereits 16 Uhr. Wir hatten tierischen Hunger, da unser Proviant, den wir f\u00fcr diesen Tag dabei hatten, von kleinen schwarzen K\u00e4fern befallen war und wir au\u00dfer einer halben Banane, einem Apfel und einem M\u00fcsliriegel bisher noch nichts gegessen hatten. Wie sich sp\u00e4ter herausstelle kamen die K\u00e4fer aus der Kekspackung, die wir im Chinaladen in Belize gekauft hatten\u2026 Der Hunger war zu gro\u00df, wir willigten also ein f\u00fcr umgerechnet 13,- \u20ac zur Lagune zu fahren. Wir wussten, dass wir per Bus mindestens noch einmal umsteigen m\u00fcssen und von daher wahrscheinlich noch weitere eineinhalb Stunden unterwegs sein werden. Nach dem bisherigen Tag wollten wir nur noch so schnell wie m\u00f6glich an unserem Ziel ankommen.<\/p>\n\n\n\n<p>Wir fuhren daher mit dem Taxifahrer zur Einreisestelle M\u00e9xicos und zahlten keine Einreisegeb\u00fchr, da wir diese nur erbringen m\u00fcssen, wenn wir l\u00e4nger als sieben Tage im Land bleiben werden. Wir hatten allerdings geplant f\u00fcr f\u00fcnf Tage hier zu sein, da dann unser Flug von Canc\u00fan nach San Francisco ging. Hier an der mexikanischen Grenze wurden keine gesundheitlichen Kontrollen vorgenommen, obwohl es bereits ein paar wenige Coronaf\u00e4lle im Land gab. Das wird also unser erstes Land sein mit Corona. Wie passend und das in M\u00e9xico, wo doch jedes Restaurant, jeder Minimarkt und jedes zweite Werbeplakat einen fetten Schriftzug mit Corona pr\u00e4sentierte.<\/p>\n\n\n\n<figure class=\"wp-block-image size-large is-resized\"><img loading=\"lazy\" decoding=\"async\" src=\"https:\/\/www.moinreise.de\/wp-content\/uploads\/2020\/03\/IMG_E1219_verkleinert-1024x970.jpg\" alt=\"\" class=\"wp-image-583\" width=\"415\" height=\"393\" srcset=\"https:\/\/www.moinreise.de\/wp-content\/uploads\/2020\/03\/IMG_E1219_verkleinert-1024x970.jpg 1024w, https:\/\/www.moinreise.de\/wp-content\/uploads\/2020\/03\/IMG_E1219_verkleinert-300x284.jpg 300w, https:\/\/www.moinreise.de\/wp-content\/uploads\/2020\/03\/IMG_E1219_verkleinert-768x727.jpg 768w, https:\/\/www.moinreise.de\/wp-content\/uploads\/2020\/03\/IMG_E1219_verkleinert.jpg 1278w\" sizes=\"auto, (max-width: 415px) 100vw, 415px\" \/><figcaption class=\"wp-element-caption\"><strong>Corona Bier ist allgegenw\u00e4rtig in M\u00e9xico<\/strong><\/figcaption><\/figure>\n\n\n<div class=\"wp-block-image\">\n<figure class=\"alignleft size-large is-resized\"><img loading=\"lazy\" decoding=\"async\" src=\"https:\/\/www.moinreise.de\/wp-content\/uploads\/2020\/03\/IMG_E1196_verkleinert-1024x555.jpg\" alt=\"\" class=\"wp-image-594\" width=\"225\" height=\"121\" srcset=\"https:\/\/www.moinreise.de\/wp-content\/uploads\/2020\/03\/IMG_E1196_verkleinert-1024x555.jpg 1024w, https:\/\/www.moinreise.de\/wp-content\/uploads\/2020\/03\/IMG_E1196_verkleinert-300x163.jpg 300w, https:\/\/www.moinreise.de\/wp-content\/uploads\/2020\/03\/IMG_E1196_verkleinert-768x416.jpg 768w, https:\/\/www.moinreise.de\/wp-content\/uploads\/2020\/03\/IMG_E1196_verkleinert-1536x832.jpg 1536w, https:\/\/www.moinreise.de\/wp-content\/uploads\/2020\/03\/IMG_E1196_verkleinert.jpg 1589w\" sizes=\"auto, (max-width: 225px) 100vw, 225px\" \/><figcaption class=\"wp-element-caption\"><strong>Lagunenort Bacalar<\/strong><\/figcaption><\/figure><\/div>\n\n\n<p>In Bacalar angekommen fuhren wir mit dem Taxifahrer erst einmal zu einem Bankautomaten, um Geld zu abzuheben, damit wir ihn auch bezahlen k\u00f6nnen. Ich holte also Geld und versicherte mich, dass ich keine Bl\u00fcten aus dem Automaten bekommen habe. Davor wurden wir n\u00e4mlich von anderen Reisenden in Guatemala gewarnt. Der Taxifahrer teilte uns dann auf einmal mit, dass unsere Fahrt hier am Bankautomaten enden w\u00fcrde und wir nicht mit ihm weiterfahren k\u00f6nnen. Wir diskutierten mit ihm, aber er sagte er darf nicht weiter in den Ort fahren, ansonsten sind die \u00f6rtlichen Taxifahrer b\u00f6se und wir m\u00fcssten jetzt auf einen von ihnen zur\u00fcckgreifen. Wir haben diese Argumentation null nachvollziehen k\u00f6nnen, weil uns aber unsere Argumente auf Spanisch ausgingen, nahmen wir f\u00fcr nicht einmal 2,- \u20ac ein anderes Taxi, das uns zu unserem Hotel brachte. Endlich angekommen, hatten wir einen wundersch\u00f6nen Blick von der hoteleigenen Dachterrasse auf die Lagune. Das entsch\u00e4digte uns zumindest so halbwegs f\u00fcr den heutigen Tag. Abends waren wir noch super lecker mexikanisch Essen. Tobi freute sich besonders, da er den halben Guacamoletopf vom Kellner \u00fcber sein frisch angezogenes Hemd gegossen bekam. Als kleine Wiedergutmachung erhielt er ein ziemlich gro\u00dfes Glas gef\u00fcllt mit Tequila, zwei verschiedenen Sorten Salz und Limette. Na dann Prost! Als wir am Ende des Tages in unserem Bett lagen waren wir froh, dass dieser ereignisreiche Tag vorbei war \u2013 morgen kann es ja nur besser werden.<\/p>\n\n\n\n<figure class=\"wp-block-image size-large is-resized\"><img loading=\"lazy\" decoding=\"async\" src=\"https:\/\/www.moinreise.de\/wp-content\/uploads\/2020\/03\/IMG_E1134_verkleinert-1024x778.jpg\" alt=\"\" class=\"wp-image-592\" width=\"488\" height=\"370\" srcset=\"https:\/\/www.moinreise.de\/wp-content\/uploads\/2020\/03\/IMG_E1134_verkleinert-1024x778.jpg 1024w, https:\/\/www.moinreise.de\/wp-content\/uploads\/2020\/03\/IMG_E1134_verkleinert-300x228.jpg 300w, https:\/\/www.moinreise.de\/wp-content\/uploads\/2020\/03\/IMG_E1134_verkleinert-768x584.jpg 768w, https:\/\/www.moinreise.de\/wp-content\/uploads\/2020\/03\/IMG_E1134_verkleinert-1536x1167.jpg 1536w, https:\/\/www.moinreise.de\/wp-content\/uploads\/2020\/03\/IMG_E1134_verkleinert-120x90.jpg 120w, https:\/\/www.moinreise.de\/wp-content\/uploads\/2020\/03\/IMG_E1134_verkleinert.jpg 1867w\" sizes=\"auto, (max-width: 488px) 100vw, 488px\" \/><figcaption class=\"wp-element-caption\"><strong>Der Ausblick auf die Lagune von Bacalar &#8230;<\/strong><\/figcaption><\/figure>\n\n\n\n<figure class=\"wp-block-image size-large is-resized\"><img loading=\"lazy\" decoding=\"async\" src=\"https:\/\/www.moinreise.de\/wp-content\/uploads\/2020\/03\/IMG_E1132_verkleinert-1024x768.jpg\" alt=\"\" class=\"wp-image-593\" width=\"491\" height=\"368\" srcset=\"https:\/\/www.moinreise.de\/wp-content\/uploads\/2020\/03\/IMG_E1132_verkleinert-1024x768.jpg 1024w, https:\/\/www.moinreise.de\/wp-content\/uploads\/2020\/03\/IMG_E1132_verkleinert-300x225.jpg 300w, https:\/\/www.moinreise.de\/wp-content\/uploads\/2020\/03\/IMG_E1132_verkleinert-768x576.jpg 768w, https:\/\/www.moinreise.de\/wp-content\/uploads\/2020\/03\/IMG_E1132_verkleinert-1536x1152.jpg 1536w, https:\/\/www.moinreise.de\/wp-content\/uploads\/2020\/03\/IMG_E1132_verkleinert-120x90.jpg 120w, https:\/\/www.moinreise.de\/wp-content\/uploads\/2020\/03\/IMG_E1132_verkleinert.jpg 1954w\" sizes=\"auto, (max-width: 491px) 100vw, 491px\" \/><figcaption class=\"wp-element-caption\"><strong>&#8230; von der Dachterrasse des Sun-Ha Hotels<\/strong><\/figcaption><\/figure>\n\n\n<div class=\"wp-block-image\">\n<figure class=\"alignleft size-large is-resized\"><img loading=\"lazy\" decoding=\"async\" src=\"https:\/\/www.moinreise.de\/wp-content\/uploads\/2020\/03\/IMG_E1141_verkleinert-670x1024.jpg\" alt=\"\" class=\"wp-image-589\" width=\"243\" height=\"371\" srcset=\"https:\/\/www.moinreise.de\/wp-content\/uploads\/2020\/03\/IMG_E1141_verkleinert-670x1024.jpg 670w, https:\/\/www.moinreise.de\/wp-content\/uploads\/2020\/03\/IMG_E1141_verkleinert-196x300.jpg 196w, https:\/\/www.moinreise.de\/wp-content\/uploads\/2020\/03\/IMG_E1141_verkleinert-768x1173.jpg 768w, https:\/\/www.moinreise.de\/wp-content\/uploads\/2020\/03\/IMG_E1141_verkleinert-1006x1536.jpg 1006w, https:\/\/www.moinreise.de\/wp-content\/uploads\/2020\/03\/IMG_E1141_verkleinert.jpg 1189w\" sizes=\"auto, (max-width: 243px) 100vw, 243px\" \/><figcaption class=\"wp-element-caption\"><strong>Typisch mexikanisch: Nachos und Burrito<\/strong><\/figcaption><\/figure><\/div>\n\n\n<p>Am n\u00e4chsten Tag schnappten wir uns die Fahrr\u00e4der, die es beim Hotel gab und brachten unsere W\u00e4sche zu einer W\u00e4scherei. Zudem kauften wir uns ein Busticket f\u00fcr unsere Weiterfahrt in zwei Tagen und erkundeten mit den R\u00e4dern den Ort. Hier war es nett, es gab ein paar wenige Backpacker und ein paar Mexikaner, die hier Urlaub machten, aber der Ort war an sich sehr ruhig und urspr\u00fcnglich. So hatten wir uns M\u00e9xico vorgestellt. Das einzige, was ziemlich nervte waren die vielen Touranbieter, die \u00fcberall herumstanden und einem zuriefen, dass sie Lagunentouren unternahmen. Ein Anbieter lie\u00df dabei fallen, dass wir diese Tour unbedingt heute machen sollten, morgen sei die Lagune \u201egeschlossen\u201c. Wir lachten und dachten uns, die denken sich auch immer wildere Geschichten aus, um die unwissenden Touristen in ihre Boote zu bekommen. Am Morgen hatten wir ja noch mit dem Besitzer des kleinen Familienhotels, in dem wir waren, abgestimmt, dass er f\u00fcr uns f\u00fcr den morgigen Tag eine Lagunenbootstour buchen m\u00f6ge. Wir gingen also erst einmal gem\u00fctlich Mittag essen und brachten danach die R\u00e4der wieder zur\u00fcck zum Hotel. Wir fragten dann sicherheitshalber noch einmal nach, ob die Lagunentour morgen denn wirklich stattfinden w\u00fcrde, was sie uns best\u00e4tigten und wir erz\u00e4hlten von der Aussage des Touranbieters auf der Stra\u00dfe. Ups, da wurde der Hotelbesitzer auf einmal kreidebleich und sagte: \u201eMorgen ist Mittwoch! Ich habe es vergessen&#8230; seit drei Wochen ist es nicht mehr erlaubt mittwochs auf die Lagune zu fahren. Au\u00dfer schwimmen zu gehen ist jede andere Art von Wassersport mittwochs verboten, damit sich die Lagune an einem Tag in der Woche ein bisschen erholen kann.\u201c Na, das war ja ganz klasse, wir wollten morgen diese Bootstour machen und \u00fcbermorgen dann zu unserem n\u00e4chsten Ziel fahren, wir hatten ja nun auch schon das Busticket zur Weiterfahrt gekauft. Mittlerweile war es 14 Uhr und der Hotelier verstand sofort, dass es seine Schuld ist, wenn wir jetzt keine Tour mehr machen k\u00f6nnen. Wir waren ja ausschlie\u00dflich hier hergekommen, damit wir die Lagune mit dem Boot erkunden k\u00f6nnen. Er telefonierte also alle seine \u201eFreunde\u201c ab und konnte es wirklich noch organisieren, dass wir um 15 Uhr abgeholt wurden und eine Lagunentour machen konnten.<\/p>\n\n\n\n<figure class=\"wp-block-image size-large is-resized\"><img loading=\"lazy\" decoding=\"async\" src=\"https:\/\/www.moinreise.de\/wp-content\/uploads\/2020\/03\/DJI_0277_\u00fcberarbeitet_verkleinert-1024x547.jpg\" alt=\"\" class=\"wp-image-596\" width=\"513\" height=\"273\" srcset=\"https:\/\/www.moinreise.de\/wp-content\/uploads\/2020\/03\/DJI_0277_\u00fcberarbeitet_verkleinert-1024x547.jpg 1024w, https:\/\/www.moinreise.de\/wp-content\/uploads\/2020\/03\/DJI_0277_\u00fcberarbeitet_verkleinert-300x160.jpg 300w, https:\/\/www.moinreise.de\/wp-content\/uploads\/2020\/03\/DJI_0277_\u00fcberarbeitet_verkleinert-768x410.jpg 768w, https:\/\/www.moinreise.de\/wp-content\/uploads\/2020\/03\/DJI_0277_\u00fcberarbeitet_verkleinert.jpg 1470w\" sizes=\"auto, (max-width: 513px) 100vw, 513px\" \/><figcaption class=\"wp-element-caption\"><strong>Einfach nur gl\u00fccklich!<\/strong><\/figcaption><\/figure>\n\n\n\n<p>Und was sollen wir sagen: Genial! Einfach genial! Die Lagune von Bacalar wird nicht umsonst die Lagune der sieben Farben genannt. Wir haben keine sieben Blaut\u00f6ne gesehen, aber vier bis f\u00fcnf konnten wir ausmachen. Die Lagune ist eigentlich ein See und hat unterschiedliche Tiefen. Sie ist aus dem Zusammenschluss von sieben Kalksteinl\u00f6chern, sogenannten Cenoten entstanden. Durch die unterschiedlichen Tiefen verzeichnet die Lagune diese unterschiedlichen Farben. Sie ist wirklich wundersch\u00f6n und die Farben sind atemberaubend intensiv. Wir waren im t\u00fcrkisblauen Wasser schwimmen und hatten einen tollen Nachmittag zusammen mit einer mexikanischen Familie an Bord.<\/p>\n\n\n\n<figure class=\"wp-block-image size-large is-resized\"><img loading=\"lazy\" decoding=\"async\" src=\"https:\/\/www.moinreise.de\/wp-content\/uploads\/2020\/03\/IMG_E1147_verkleinert-1024x768.jpg\" alt=\"\" class=\"wp-image-599\" width=\"517\" height=\"388\" srcset=\"https:\/\/www.moinreise.de\/wp-content\/uploads\/2020\/03\/IMG_E1147_verkleinert-1024x768.jpg 1024w, https:\/\/www.moinreise.de\/wp-content\/uploads\/2020\/03\/IMG_E1147_verkleinert-300x225.jpg 300w, https:\/\/www.moinreise.de\/wp-content\/uploads\/2020\/03\/IMG_E1147_verkleinert-768x576.jpg 768w, https:\/\/www.moinreise.de\/wp-content\/uploads\/2020\/03\/IMG_E1147_verkleinert-1536x1152.jpg 1536w, https:\/\/www.moinreise.de\/wp-content\/uploads\/2020\/03\/IMG_E1147_verkleinert-120x90.jpg 120w, https:\/\/www.moinreise.de\/wp-content\/uploads\/2020\/03\/IMG_E1147_verkleinert.jpg 1944w\" sizes=\"auto, (max-width: 517px) 100vw, 517px\" \/><figcaption class=\"wp-element-caption\"><strong>Vom Steg aus ging die Fahrt los<\/strong><\/figcaption><\/figure>\n\n\n\n<figure class=\"wp-block-image size-large is-resized\"><img loading=\"lazy\" decoding=\"async\" src=\"https:\/\/www.moinreise.de\/wp-content\/uploads\/2020\/03\/DJI_0280_\u00fcberarbeitet-1024x638.jpg\" alt=\"\" class=\"wp-image-598\" width=\"519\" height=\"323\" srcset=\"https:\/\/www.moinreise.de\/wp-content\/uploads\/2020\/03\/DJI_0280_\u00fcberarbeitet-1024x638.jpg 1024w, https:\/\/www.moinreise.de\/wp-content\/uploads\/2020\/03\/DJI_0280_\u00fcberarbeitet-300x187.jpg 300w, https:\/\/www.moinreise.de\/wp-content\/uploads\/2020\/03\/DJI_0280_\u00fcberarbeitet-768x478.jpg 768w, https:\/\/www.moinreise.de\/wp-content\/uploads\/2020\/03\/DJI_0280_\u00fcberarbeitet-1536x956.jpg 1536w, https:\/\/www.moinreise.de\/wp-content\/uploads\/2020\/03\/DJI_0280_\u00fcberarbeitet-2048x1275.jpg 2048w\" sizes=\"auto, (max-width: 519px) 100vw, 519px\" \/><figcaption class=\"wp-element-caption\"><strong>Juhuuu, mit dem Boot auf Erkundungstour<\/strong><\/figcaption><\/figure>\n\n\n\n<figure class=\"wp-block-image size-large is-resized\"><img loading=\"lazy\" decoding=\"async\" src=\"https:\/\/www.moinreise.de\/wp-content\/uploads\/2020\/03\/IMG_E1158_verkleinert-1024x768.jpg\" alt=\"\" class=\"wp-image-601\" width=\"521\" height=\"391\" srcset=\"https:\/\/www.moinreise.de\/wp-content\/uploads\/2020\/03\/IMG_E1158_verkleinert-1024x768.jpg 1024w, https:\/\/www.moinreise.de\/wp-content\/uploads\/2020\/03\/IMG_E1158_verkleinert-300x225.jpg 300w, https:\/\/www.moinreise.de\/wp-content\/uploads\/2020\/03\/IMG_E1158_verkleinert-768x576.jpg 768w, https:\/\/www.moinreise.de\/wp-content\/uploads\/2020\/03\/IMG_E1158_verkleinert-1536x1152.jpg 1536w, https:\/\/www.moinreise.de\/wp-content\/uploads\/2020\/03\/IMG_E1158_verkleinert-120x90.jpg 120w, https:\/\/www.moinreise.de\/wp-content\/uploads\/2020\/03\/IMG_E1158_verkleinert.jpg 1993w\" sizes=\"auto, (max-width: 521px) 100vw, 521px\" \/><figcaption class=\"wp-element-caption\"><strong>Blau, blauer, geht es noch blauer?<\/strong><\/figcaption><\/figure>\n\n\n\n<figure class=\"wp-block-image size-large is-resized\"><img loading=\"lazy\" decoding=\"async\" src=\"https:\/\/www.moinreise.de\/wp-content\/uploads\/2020\/03\/IMG_E1167_verkleinert-1024x768.jpg\" alt=\"\" class=\"wp-image-602\" width=\"523\" height=\"392\" srcset=\"https:\/\/www.moinreise.de\/wp-content\/uploads\/2020\/03\/IMG_E1167_verkleinert-1024x768.jpg 1024w, https:\/\/www.moinreise.de\/wp-content\/uploads\/2020\/03\/IMG_E1167_verkleinert-300x225.jpg 300w, https:\/\/www.moinreise.de\/wp-content\/uploads\/2020\/03\/IMG_E1167_verkleinert-768x576.jpg 768w, https:\/\/www.moinreise.de\/wp-content\/uploads\/2020\/03\/IMG_E1167_verkleinert-1536x1152.jpg 1536w, https:\/\/www.moinreise.de\/wp-content\/uploads\/2020\/03\/IMG_E1167_verkleinert-120x90.jpg 120w, https:\/\/www.moinreise.de\/wp-content\/uploads\/2020\/03\/IMG_E1167_verkleinert.jpg 1840w\" sizes=\"auto, (max-width: 523px) 100vw, 523px\" \/><figcaption class=\"wp-element-caption\"><strong>Die beeindruckende Farbgebung der Bacalar Lagune<\/strong><\/figcaption><\/figure>\n\n\n\n<figure class=\"wp-block-image size-large is-resized\"><img loading=\"lazy\" decoding=\"async\" src=\"https:\/\/www.moinreise.de\/wp-content\/uploads\/2020\/03\/IMG_E1197_verkleinert-1024x768.jpg\" alt=\"\" class=\"wp-image-600\" width=\"526\" height=\"395\" srcset=\"https:\/\/www.moinreise.de\/wp-content\/uploads\/2020\/03\/IMG_E1197_verkleinert-1024x768.jpg 1024w, https:\/\/www.moinreise.de\/wp-content\/uploads\/2020\/03\/IMG_E1197_verkleinert-300x225.jpg 300w, https:\/\/www.moinreise.de\/wp-content\/uploads\/2020\/03\/IMG_E1197_verkleinert-768x576.jpg 768w, https:\/\/www.moinreise.de\/wp-content\/uploads\/2020\/03\/IMG_E1197_verkleinert-1536x1152.jpg 1536w, https:\/\/www.moinreise.de\/wp-content\/uploads\/2020\/03\/IMG_E1197_verkleinert-120x90.jpg 120w, https:\/\/www.moinreise.de\/wp-content\/uploads\/2020\/03\/IMG_E1197_verkleinert.jpg 1970w\" sizes=\"auto, (max-width: 526px) 100vw, 526px\" \/><figcaption class=\"wp-element-caption\"><strong>Wasserspielpl\u00e4tze gab es auch<\/strong><\/figcaption><\/figure>\n\n\n\n<p>Zwei Tage sp\u00e4ter ging es dann mit dem ADO Bus vier Stunden lang nach Playa del Carmen. Einige von euch fragen sich jetzt vielleicht, warum wir uns diesen touristischen Ort als unser n\u00e4chstes Ziel ausgesucht haben, wo ihr doch immer lest, dass wir ruhige untouristische Orte bevorzugen? Die Antwort war einfach: ein paar Wochen zuvor schrieb mir Inga, meine Freundin aus Hamburg, dass sie mit ihrem Freund Jens einen Urlaub in M\u00e9xico geplant hat und sie ihre erste Urlaubswoche in Playa del Carmen verbringen werden. Das war ja ein sehr genialer Zufall, denn wir wussten zu diesem Zeitpunkt bereits, dass wir zur selben Zeit an der Riviera Maya in M\u00e9xico unterwegs sein werden. Nachdem wir so lange kein bekanntes Gesicht mehr gesehen hatten, lie\u00dfen wir uns das nicht zweimal sagen und planten Playa del Carmen nat\u00fcrlich auf unserer Reise mit ein. Wir freuten uns tierisch nach vier Monaten endlich mal wieder Freunde zu treffen. Wir sa\u00dfen also schon ziemlich aufgeregt im Bus und freuten uns auf unseren Abend mit Inga und Jens.<\/p>\n\n\n\n<figure class=\"wp-block-image size-large is-resized\"><img loading=\"lazy\" decoding=\"async\" src=\"https:\/\/www.moinreise.de\/wp-content\/uploads\/2020\/03\/IMG_E1214_verkleinert-1024x511.jpg\" alt=\"\" class=\"wp-image-591\" width=\"480\" height=\"239\" srcset=\"https:\/\/www.moinreise.de\/wp-content\/uploads\/2020\/03\/IMG_E1214_verkleinert-1024x511.jpg 1024w, https:\/\/www.moinreise.de\/wp-content\/uploads\/2020\/03\/IMG_E1214_verkleinert-300x150.jpg 300w, https:\/\/www.moinreise.de\/wp-content\/uploads\/2020\/03\/IMG_E1214_verkleinert-768x383.jpg 768w, https:\/\/www.moinreise.de\/wp-content\/uploads\/2020\/03\/IMG_E1214_verkleinert-1536x766.jpg 1536w, https:\/\/www.moinreise.de\/wp-content\/uploads\/2020\/03\/IMG_E1214_verkleinert.jpg 2016w\" sizes=\"auto, (max-width: 480px) 100vw, 480px\" \/><figcaption class=\"wp-element-caption\"><strong>Der komfortabelste Bus auf unserer Reise<\/strong><\/figcaption><\/figure>\n\n\n\n<p>Am selben Tag erreichte uns noch die Nachricht, dass Trump seine Grenzen vom 13. auf den 14. M\u00e4rz 2020 f\u00fcr Menschen, die in den letzten 14 Tagen in Coronagebieten einschlie\u00dflich des Schengenraums waren, schlie\u00dfen wird! Ohje\u2026 unser Flug sollte genau am 14. M\u00e4rz nach San Francisco gehen. Wird uns die mexikanische Fluggesellschaft Volaris denn mitnehmen? Wir waren zwar in den letzten vier Monaten nicht im Schengenraum, aber wer wei\u00df, ob sie die Aussage von Trump genauso falsch verstehen wie so viele andere. In zahlreichen Medien wurde ja verk\u00fcndet, dass Europ\u00e4er nicht mehr in die USA d\u00fcrfen, und so formuliert war die Aussage nun einmal falsch! Wir riefen also bei Volaris in der Hotline an und die teilten uns mit, dass sie uns \u201ehonestly\u201c keine Aussage dar\u00fcber geben k\u00f6nnen, ob wir an Bord d\u00fcrfen. Da sich zudem das Thema Corona in Kalifornien zuspitzte und die Zahlen insbesondere im Gro\u00dfraum San Francisco stark anstiegen und wir uns hier in M\u00e9xico mit immer noch geringen Fallzahlen an der Riviera Maya sicher f\u00fchlten, haben wir uns dazu entschieden, unseren geplanten Roadtrip von San Francisco bis Los Angeles entlang des K\u00fcstenhighways No. 1 zu canceln. Es macht ja keinen Sinn in eine Region zu reisen, und dann k\u00f6nnen wir uns vor Ort nichts angucken und uns nur eingeschr\u00e4nkt bewegen. Daf\u00fcr ist Kalifornien auch zu teuer. Wir verschoben unseren Flug kurzfristig um neun Tage nach hinten und buchten den Flug f\u00fcr ein paar Dollar um, so dass wir dann direkt nach Los Angeles fliegen konnten. In Los Angeles wollten wir weit entfernte verwandte Koenekes treffen. Von diesem Teil meiner Familie erfuhr ich ungef\u00e4hr vor einem Jahr und da wir einen Abstecher in die USA machten, hatten sich die Verwandten wenige Wochen zuvor \u00fcberlegt, dass sie nach Los Angeles kommen wollen, damit wir uns dort alle ein erstes Mal sehen k\u00f6nnen. Der Plan war also nun wie folgt: Vier Tage Aufenthalt in Los Angeles, um die amerikanischen Verwandten zu treffen und danach Antritt zu unserem Weiterflug auf die Cookinseln in der S\u00fcdsee, der schon etwas l\u00e4nger gebucht war. Wir stornierten zudem noch kostenlos unsere AirBnB Unterkunft in San Francisco und den Mietwagen. <\/p>\n\n\n\n<p>Abends trafen wir uns dann mit Inga und Jens, gingen lecker mexikanisch Essen und in zwei Bars. Wir hatten alle viel von unseren ersten Tagen in M\u00e9xico zu erz\u00e4hlen und der Abend verging wie im Flug. Die Stra\u00dfen waren rappeldicke voll mit Touristen, die Strandbars waren ebenfalls sehr gut besucht. Corona &#8211; was ist das? Hier vor Ort merkten wir wirklich noch nichts von der Pandemie und hatten einen tollen Abend.<\/p>\n\n\n\n<figure class=\"wp-block-image size-large is-resized\"><img loading=\"lazy\" decoding=\"async\" src=\"https:\/\/www.moinreise.de\/wp-content\/uploads\/2020\/03\/IMG_E1249_verkleinert-1024x768.jpg\" alt=\"\" class=\"wp-image-584\" width=\"511\" height=\"383\" srcset=\"https:\/\/www.moinreise.de\/wp-content\/uploads\/2020\/03\/IMG_E1249_verkleinert-1024x768.jpg 1024w, https:\/\/www.moinreise.de\/wp-content\/uploads\/2020\/03\/IMG_E1249_verkleinert-300x225.jpg 300w, https:\/\/www.moinreise.de\/wp-content\/uploads\/2020\/03\/IMG_E1249_verkleinert-768x576.jpg 768w, https:\/\/www.moinreise.de\/wp-content\/uploads\/2020\/03\/IMG_E1249_verkleinert-120x90.jpg 120w, https:\/\/www.moinreise.de\/wp-content\/uploads\/2020\/03\/IMG_E1249_verkleinert.jpg 1464w\" sizes=\"auto, (max-width: 511px) 100vw, 511px\" \/><figcaption class=\"wp-element-caption\"><strong>Lang ersehntes Treffen mit Inga und Jens in Playa del Carmen<\/strong><\/figcaption><\/figure>\n\n\n\n<p>Nach einer Nacht mit wenig Schlaf rauften Tobi und ich uns dann morgens aus dem Bett und machten uns auf den Weg zur Immigrationsbeh\u00f6rde, die fu\u00dfl\u00e4ufig von unserer Unterkunft entfernt lag\u2026 Wir hatten ja angegeben nur f\u00fcnf Tage in M\u00e9xico zu sein und wussten nun, dass wir l\u00e4nger bleiben, also wollten wir unsere Einreisegeb\u00fchr nachzahlen. Jeder Tourist erh\u00e4lt eine Touristenkarte bei Einreise. Auf unserer Touristenkarte war angegeben, dass sie nur sieben Tage g\u00fcltig ist und wir das Land eigentlich in drei Tagen wieder verlassen m\u00fcssen. Also ab zu der Beh\u00f6rde, die an diesem Tag brechend voll war. Wir trugen kurz auf Spanisch vor, was unser Anliegen war und ein Herr verschwand mit unseren P\u00e4ssen. Nach nicht einmal f\u00fcnf Minuten h\u00f6rten wir schon unsere Namen. Eine Dame erkl\u00e4rte uns, dass sie die Touristenkarte hier nicht verl\u00e4ngern kann, es aber kein Problem sei, wenn wir die Einreisegeb\u00fchr am Immigrationsschalter am Flughafen nachzahlen, wenn wir ausreisen. Wir fragten sie, was wir sagen sollen, wenn jemand unsere Touristenkarte kontrolliert und diese dann ja bald ung\u00fcltig sein wird. Sie sagte, wir sollen dann einfach erkl\u00e4ren, dass wir l\u00e4nger im Land bleiben mussten, das sei auch kein Problem, da wir als Deutsche 180 Tage in M\u00e9xico sein d\u00fcrfen. Nagut, dann wollen wir der guten Frau mal Glauben schenken und machten uns auf den R\u00fcckweg. Ich muss ja ehrlich sagen, mir war die ganze Zeit nicht ganz so wohl mit dem Gef\u00fchl bald auf irgendeine Art und Weise \u201eillegal\u201c im Land zu sein. Tobi war in dieser Sache wesentlich entspannter. &nbsp;<\/p>\n\n\n\n<p>Am selben Tag suchten wir uns noch eine neue Unterkunft f\u00fcr die n\u00e4chsten vier Tage hier in Playa del Carmen. Irgendwie war uns gerade nicht danach in M\u00e9xico weiter zu reisen und wir fanden es eigentlich ganz nett nach mehreren Wochen ohne Luxus mal wieder alles vor der T\u00fcr zu haben: Einkaufszentren, gut best\u00fcckte Superm\u00e4rkte, unz\u00e4hlige Restaurants und Bars. Das mexikanische Essen war super lecker, der Tequila und der Mezcal (Agavenschnaps) auch und in der zweiten Reihe auch sehr g\u00fcnstig. In dem Condo, in dem wir wohnten, gab es zwei Pools, davon einer auf dem Dach und einen kleinen Fitnessbereich. Wir f\u00fchlten uns hier wohl und guckten, ob wir im selben Haus noch ein Zimmer bekommen konnten. Bei AirBnB entdeckten wir eine Wohnung, die quasi identisch zu unserer war. Am n\u00e4chsten Tag zogen wir also auf demselben Stockwerk um. Danach trafen wir uns noch einmal mit Inga und Jens am Strand. Leider reisten die beiden noch am selben Tag weiter und verbrachten die kommende Woche in M\u00e9rida.<\/p>\n\n\n\n<figure class=\"wp-block-image size-large is-resized\"><img loading=\"lazy\" decoding=\"async\" src=\"https:\/\/www.moinreise.de\/wp-content\/uploads\/2020\/03\/IMG_E1235_verkleinert-1024x673.jpg\" alt=\"\" class=\"wp-image-585\" width=\"502\" height=\"330\" srcset=\"https:\/\/www.moinreise.de\/wp-content\/uploads\/2020\/03\/IMG_E1235_verkleinert-1024x673.jpg 1024w, https:\/\/www.moinreise.de\/wp-content\/uploads\/2020\/03\/IMG_E1235_verkleinert-300x197.jpg 300w, https:\/\/www.moinreise.de\/wp-content\/uploads\/2020\/03\/IMG_E1235_verkleinert-768x504.jpg 768w, https:\/\/www.moinreise.de\/wp-content\/uploads\/2020\/03\/IMG_E1235_verkleinert-1536x1009.jpg 1536w, https:\/\/www.moinreise.de\/wp-content\/uploads\/2020\/03\/IMG_E1235_verkleinert.jpg 1955w\" sizes=\"auto, (max-width: 502px) 100vw, 502px\" \/><figcaption class=\"wp-element-caption\"><strong>The City Condo &#8230;<\/strong><\/figcaption><\/figure>\n\n\n\n<figure class=\"wp-block-image size-large is-resized\"><img loading=\"lazy\" decoding=\"async\" src=\"https:\/\/www.moinreise.de\/wp-content\/uploads\/2020\/03\/IMG_E1266_verkleinert-1024x768.jpg\" alt=\"\" class=\"wp-image-586\" width=\"501\" height=\"376\" srcset=\"https:\/\/www.moinreise.de\/wp-content\/uploads\/2020\/03\/IMG_E1266_verkleinert-1024x768.jpg 1024w, https:\/\/www.moinreise.de\/wp-content\/uploads\/2020\/03\/IMG_E1266_verkleinert-300x225.jpg 300w, https:\/\/www.moinreise.de\/wp-content\/uploads\/2020\/03\/IMG_E1266_verkleinert-768x576.jpg 768w, https:\/\/www.moinreise.de\/wp-content\/uploads\/2020\/03\/IMG_E1266_verkleinert-1536x1152.jpg 1536w, https:\/\/www.moinreise.de\/wp-content\/uploads\/2020\/03\/IMG_E1266_verkleinert-120x90.jpg 120w, https:\/\/www.moinreise.de\/wp-content\/uploads\/2020\/03\/IMG_E1266_verkleinert.jpg 1922w\" sizes=\"auto, (max-width: 501px) 100vw, 501px\" \/><figcaption class=\"wp-element-caption\"><strong>&#8230; mit Pool auf dem Dach<\/strong><\/figcaption><\/figure>\n\n\n\n<p>Einen Tag nach unserem Umzug in die andere Wohnung kamen morgens Handwerker, weil wir angegeben hatten, dass bei uns das warme Wasser nicht funktionierte. Wenige Stunden nachdem die Handwerker da waren, hatten wir dann einen Wasserschaden in unserem Badezimmer. Es tropfte aus der Decke! Also kamen sie erneut. Der Warmwasserboiler, den sie gereinigt hatten, war nun nicht mehr richtig dicht. Sie reparierten den Boiler ein zweites Mal, abends tropfte es nach dem Duschen aber schon wieder von der Decke, also kamen sie an diesem Tag auch noch ein drittes Mal vorbei. Das Problem schien gefunden zu sein und wir feierten schlussendlich gem\u00fctlich zu Zweit in meinen Geburtstag.<\/p>\n\n\n\n<figure class=\"wp-block-image size-large is-resized\"><img loading=\"lazy\" decoding=\"async\" src=\"https:\/\/www.moinreise.de\/wp-content\/uploads\/2020\/03\/IMG_E1293_verkleinert-768x1024.jpg\" alt=\"\" class=\"wp-image-587\" width=\"358\" height=\"477\" srcset=\"https:\/\/www.moinreise.de\/wp-content\/uploads\/2020\/03\/IMG_E1293_verkleinert-768x1024.jpg 768w, https:\/\/www.moinreise.de\/wp-content\/uploads\/2020\/03\/IMG_E1293_verkleinert-225x300.jpg 225w, https:\/\/www.moinreise.de\/wp-content\/uploads\/2020\/03\/IMG_E1293_verkleinert-1152x1536.jpg 1152w, https:\/\/www.moinreise.de\/wp-content\/uploads\/2020\/03\/IMG_E1293_verkleinert.jpg 1453w\" sizes=\"auto, (max-width: 358px) 100vw, 358px\" \/><figcaption class=\"wp-element-caption\"><strong>Franz\u00f6sischer Geburtstagsbrunch in M\u00e9xico<\/strong><\/figcaption><\/figure>\n\n\n\n<p>Am Geburtstagsmorgen gab es einige Videotelefonate mit Freunden und Familie, danach gingen wir nett bei einem Franzosen brunchen. Die Speisekarte h\u00f6rte sich so gut an, dass wir uns jeder gleich zwei Gerichte bestellten \u2013 zur Feier des Tages darf man das ja mal. \ud83d\ude42 Mein Gott, da hatten wir ganz sch\u00f6n viel zu essen und waren bis zum Abend pappsatt. Den restlichen Tag verbrachten wir anschlie\u00dfend am Strand und verboten uns irgendwelche Nachrichten \u00fcber Corona zu lesen. Das Thema bestimmte seit einigen Tagen n\u00e4mlich einen Gro\u00dfteil unserer Zeit. Wir informierten uns nat\u00fcrlich \u00fcber die aktuellen Geschehnisse und verfolgten beim Ausw\u00e4rtigen Amt, im Netz und \u00fcber Social Media Kan\u00e4le wie sich die einzelnen L\u00e4nder verhalten, in die wir als n\u00e4chstes reisen wollen. <\/p>\n\n\n\n<figure class=\"wp-block-image size-large is-resized\"><img loading=\"lazy\" decoding=\"async\" src=\"https:\/\/www.moinreise.de\/wp-content\/uploads\/2020\/03\/IMG_E1305_verkleinert-1024x768.jpg\" alt=\"\" class=\"wp-image-588\" width=\"489\" height=\"367\" srcset=\"https:\/\/www.moinreise.de\/wp-content\/uploads\/2020\/03\/IMG_E1305_verkleinert-1024x768.jpg 1024w, https:\/\/www.moinreise.de\/wp-content\/uploads\/2020\/03\/IMG_E1305_verkleinert-300x225.jpg 300w, https:\/\/www.moinreise.de\/wp-content\/uploads\/2020\/03\/IMG_E1305_verkleinert-768x576.jpg 768w, https:\/\/www.moinreise.de\/wp-content\/uploads\/2020\/03\/IMG_E1305_verkleinert-1536x1152.jpg 1536w, https:\/\/www.moinreise.de\/wp-content\/uploads\/2020\/03\/IMG_E1305_verkleinert-120x90.jpg 120w, https:\/\/www.moinreise.de\/wp-content\/uploads\/2020\/03\/IMG_E1305_verkleinert.jpg 1960w\" sizes=\"auto, (max-width: 489px) 100vw, 489px\" \/><figcaption class=\"wp-element-caption\"><strong> In Deutschland undenkbar: Geburtstagskind Janina am Strand <\/strong><\/figcaption><\/figure>\n\n\n\n<p>Abends gingen wir schick essen, f\u00fcr mich gab es nach langer Zeit mal wieder ein k\u00f6stliches Lammgericht. Da war auch der Hunger wieder da! Als wir sp\u00e4ter am Abend nach Hause kamen, hatten wir dann den n\u00e4chsten Wasserschaden und unsere Vermieter sagten uns, dass wir am darauffolgenden Morgen in eine andere Wohnung umziehen d\u00fcrfen. Auf ging es also in Wohnung Nummer drei in diesem Condo. Auch diese sah ziemlich identisch aus zu den ersten beiden Wohnungen. Als Entsch\u00e4digung f\u00fcr diesen ganzen Trubel durften wir zwei N\u00e4chte kostenfrei \u00fcbernachten! Das war doch mal eine gute Nachricht. Komisch, irgendwie ziehen wir diese Wassersch\u00e4den an: In Cocles in Costa Rica hatten wir auch bereits Probleme mit dem Wasser und Handwerker, die den Schaden beheben mussten. <\/p>\n\n\n\n<p>Ihr fragt euch nun sicherlich, ob wir denn nun in dieser Wohnung bleiben konnten? Und wie ging es eigentlich mit dem Corona weiter? Dazu mehr im n\u00e4chsten Bericht!&nbsp;&nbsp; <\/p>\n\n\n\n<figure class=\"wp-block-image size-large is-resized\"><img loading=\"lazy\" decoding=\"async\" src=\"https:\/\/www.moinreise.de\/wp-content\/uploads\/2020\/03\/IMG_E1255_Moment_\u00fcberarbeitet2.jpg\" alt=\"\" class=\"wp-image-606\" width=\"456\" height=\"455\" srcset=\"https:\/\/www.moinreise.de\/wp-content\/uploads\/2020\/03\/IMG_E1255_Moment_\u00fcberarbeitet2.jpg 812w, https:\/\/www.moinreise.de\/wp-content\/uploads\/2020\/03\/IMG_E1255_Moment_\u00fcberarbeitet2-300x300.jpg 300w, https:\/\/www.moinreise.de\/wp-content\/uploads\/2020\/03\/IMG_E1255_Moment_\u00fcberarbeitet2-150x150.jpg 150w, https:\/\/www.moinreise.de\/wp-content\/uploads\/2020\/03\/IMG_E1255_Moment_\u00fcberarbeitet2-768x767.jpg 768w\" sizes=\"auto, (max-width: 456px) 100vw, 456px\" \/><figcaption class=\"wp-element-caption\"><strong> Corona? In M\u00e9xico noch nicht angekommen!<br>Aufnahme vom 16.03.2020 <\/strong><\/figcaption><\/figure>\n\n\n\n<p><\/p>\n","protected":false},"excerpt":{"rendered":"<p>Unsere Reisezeit: M\u00e4rz 2020 Wir machten uns fr\u00fch morgens auf den Weg und erwarteten um 6:50 Uhr das vorbestellte Taxi, damit wir um 7 Uhr an der Bushaltestelle bereit zur Abfahrt Richtung M\u00e9xico waren. Zu unserer Verwunderung kam aber kein Taxi\u2026 der Tag fing ja gut an! Nach kurzem \u00dcberlegen machten wir uns in der&hellip;<\/p>\n","protected":false},"author":3,"featured_media":0,"comment_status":"open","ping_status":"open","sticky":false,"template":"","format":"standard","meta":{"_monsterinsights_skip_tracking":false,"_monsterinsights_sitenote_active":false,"_monsterinsights_sitenote_note":"","_monsterinsights_sitenote_category":0,"footnotes":""},"categories":[5],"tags":[],"class_list":["post-582","post","type-post","status-publish","format-standard","hentry","category-suedamerika"],"aioseo_notices":[],"post_mailing_queue_ids":[],"_links":{"self":[{"href":"https:\/\/www.moinreise.de\/index.php\/wp-json\/wp\/v2\/posts\/582","targetHints":{"allow":["GET"]}}],"collection":[{"href":"https:\/\/www.moinreise.de\/index.php\/wp-json\/wp\/v2\/posts"}],"about":[{"href":"https:\/\/www.moinreise.de\/index.php\/wp-json\/wp\/v2\/types\/post"}],"author":[{"embeddable":true,"href":"https:\/\/www.moinreise.de\/index.php\/wp-json\/wp\/v2\/users\/3"}],"replies":[{"embeddable":true,"href":"https:\/\/www.moinreise.de\/index.php\/wp-json\/wp\/v2\/comments?post=582"}],"version-history":[{"count":12,"href":"https:\/\/www.moinreise.de\/index.php\/wp-json\/wp\/v2\/posts\/582\/revisions"}],"predecessor-version":[{"id":1324,"href":"https:\/\/www.moinreise.de\/index.php\/wp-json\/wp\/v2\/posts\/582\/revisions\/1324"}],"wp:attachment":[{"href":"https:\/\/www.moinreise.de\/index.php\/wp-json\/wp\/v2\/media?parent=582"}],"wp:term":[{"taxonomy":"category","embeddable":true,"href":"https:\/\/www.moinreise.de\/index.php\/wp-json\/wp\/v2\/categories?post=582"},{"taxonomy":"post_tag","embeddable":true,"href":"https:\/\/www.moinreise.de\/index.php\/wp-json\/wp\/v2\/tags?post=582"}],"curies":[{"name":"wp","href":"https:\/\/api.w.org\/{rel}","templated":true}]}}