{"id":494,"date":"2020-03-26T21:33:07","date_gmt":"2020-03-26T20:33:07","guid":{"rendered":"https:\/\/www.moinreise.de\/?p=494"},"modified":"2023-07-24T21:56:05","modified_gmt":"2023-07-24T19:56:05","slug":"16-guatemala-land-der-vulkane-und-mayas","status":"publish","type":"post","link":"https:\/\/www.moinreise.de\/index.php\/2020\/03\/26\/16-guatemala-land-der-vulkane-und-mayas\/","title":{"rendered":"#16 Guatemala: Land der Vulkane und Mayas"},"content":{"rendered":"\n<p class=\"has-medium-font-size\">Unsere Reisezeit: Februar 2020<\/p>\n\n\n\n<figure class=\"wp-block-image size-large is-resized\"><img loading=\"lazy\" decoding=\"async\" src=\"https:\/\/www.moinreise.de\/wp-content\/uploads\/2020\/03\/IMG_E0667_verkleinert-1024x736.jpg\" alt=\"\" class=\"wp-image-521\" width=\"498\" height=\"357\" srcset=\"https:\/\/www.moinreise.de\/wp-content\/uploads\/2020\/03\/IMG_E0667_verkleinert-1024x736.jpg 1024w, https:\/\/www.moinreise.de\/wp-content\/uploads\/2020\/03\/IMG_E0667_verkleinert-300x216.jpg 300w, https:\/\/www.moinreise.de\/wp-content\/uploads\/2020\/03\/IMG_E0667_verkleinert-768x552.jpg 768w, https:\/\/www.moinreise.de\/wp-content\/uploads\/2020\/03\/IMG_E0667_verkleinert.jpg 1513w\" sizes=\"auto, (max-width: 498px) 100vw, 498px\" \/><figcaption class=\"wp-element-caption\"><strong>Wenn wir um ein Foto gebeten werden, sagen wir nicht nein! Diese freundlichen Menschen wollten unbedingt fotografiert werden \ud83d\ude42<\/strong><\/figcaption><\/figure>\n\n\n\n<p>Von Costa Ricas Hauptstadt San Jos\u00e9 sind wir nach Guatemala-City geflogen. Die eher unsicheren L\u00e4nder Mittelamerikas Honduras, El Salvador und Nicaragua wollten wir \u00fcberspringen. Im Laufe der Reise durch Costa Rica h\u00f6rten wir allerdings viele sch\u00f6ne Eindr\u00fccke von anderen Reisenden \u00fcber Nicaragua und wir \u00e4rgerten uns, dass wir nicht doch einen kurzen Abstecher eingebaut hatten. Naja, n\u00e4chstes Mal eben. \ud83d\ude42 <\/p>\n\n\n\n<p>Durch unsere Erfahrungen beim Abflug von Cartagena in\nKolumbien nach Panama-Stadt waren wir dieses Mal darauf vorbereitet einen\nNachweis f\u00fcr die Weiter- bzw. Ausreise aus Guatemala vorzuweisen. Wir wollten\nn\u00e4mlich wieder \u00fcber Land ausreisen und hatten somit kein Weiterflugticket. Aber\n&#8211; wir hatten ein \u201emanipuliertes Busticket\u201c in der Tasche, welches wir mit ein\nbisschen Kreativit\u00e4t selbst erstellt haben. Und wie es dann eben so ist, wenn\nalles vorbereitet ist, wollte nat\u00fcrlich niemand das Ticket sehen. <\/p>\n\n\n\n<p>In Guatemala-Stadt angekommen sind wir wieder mit dem Uber zu unserer AirBnB Unterkunft in die sichere Zone 10 gefahren. Wir haben gute Erfahrungen damit gemacht die erste Unterkunft in einem neuen uns bisher unbekannten Land so zu w\u00e4hlen, dass wir zusammen mit den Einheimischen in einem Haushalt wohnen \u2013 also ein Zimmer in einer Privatwohnung oder einem Haus mieten, aber wenn m\u00f6glich unser eigenes Bad haben. Direkt bei den Einheimischen zu leben hat den Vorteil Informationen \u00fcber das neue Land aus erster Quelle zu erhalten und unsere Fragen beantwortet zu bekommen. Zum ersten Mal auf unserer Weltreise wurden wir bei genau so einer Unterkunft aber nicht pers\u00f6nlich empfangen. Wir haben uns beim Pf\u00f6rtner vorgestellt, erhielten den Schl\u00fcssel und sind mit dem Fahrstuhl zur Wohnung hochgefahren. Als wir die T\u00fcr \u00f6ffneten, standen wir in einer fremden Wohnung und es war niemand da. Pl\u00f6tzlich, ein Quietschen, ein Bellen und etwas sprang an uns hoch: der kleine Chihuahua \u201eCh\u00e9\u201c begr\u00fc\u00dfte uns st\u00fcrmisch. Gott sei Dank, es war ja doch jemand zu Hause. \ud83d\ude42<\/p>\n\n\n\n<p>Wir machten uns sp\u00e4ter auf den Weg in eine Mall (Einkaufszentrum) um dort Bargeld am Bankautomaten zu ziehen und kamen aus dem Staunen nicht mehr heraus. Das war wirklich eine sch\u00f6ne und sehr moderne Mall mit Gesch\u00e4ften, die es nicht mal in der Bremer Innenstadt gibt. Das haben wir hier in Guatemala nicht erwartet. Auf der Suche nach einem Restaurant dann die n\u00e4chste \u00dcberraschung: Gegen\u00fcber von der Mall fanden wir ein arabisches Restaurant. Wochenlang haben wir Reis mit Bohnen in den verschiedensten Variationen gegessen und hatten an diesem Abend eine wirklich tolle Abwechslung: Hackfleisch-Spie\u00dfe, Kebap, Hummus, Meze und Joghurtdip &#8211; hmmm, das war wirklich lecker. Auf dem R\u00fcckweg sind wir dann noch schnell in den Supermarkt gegangen und wurden an diesem Tag das dritte Mal \u00fcberrascht: Hier hatten wir wieder mal eine gro\u00dfe Auswahl an Lebensmitteln zu vern\u00fcnftigen und nicht wie in Costa Rica \u00fcberteuerten Preisen. <\/p>\n\n\n\n<figure class=\"wp-block-image size-large is-resized\"><img loading=\"lazy\" decoding=\"async\" src=\"https:\/\/www.moinreise.de\/wp-content\/uploads\/2020\/03\/IMG_E0413_verkleinert-1024x1021.jpg\" alt=\"\" class=\"wp-image-528\" width=\"488\" height=\"486\" srcset=\"https:\/\/www.moinreise.de\/wp-content\/uploads\/2020\/03\/IMG_E0413_verkleinert-1024x1021.jpg 1024w, https:\/\/www.moinreise.de\/wp-content\/uploads\/2020\/03\/IMG_E0413_verkleinert-300x300.jpg 300w, https:\/\/www.moinreise.de\/wp-content\/uploads\/2020\/03\/IMG_E0413_verkleinert-150x150.jpg 150w, https:\/\/www.moinreise.de\/wp-content\/uploads\/2020\/03\/IMG_E0413_verkleinert-768x766.jpg 768w, https:\/\/www.moinreise.de\/wp-content\/uploads\/2020\/03\/IMG_E0413_verkleinert.jpg 1512w\" sizes=\"auto, (max-width: 488px) 100vw, 488px\" \/><figcaption class=\"wp-element-caption\"><strong>Die Oakland Mall in Guatemala-Stadt<\/strong><\/figcaption><\/figure>\n\n\n\n<p>Guatemala-City geh\u00f6rt nicht gerade zu den gr\u00f6\u00dften Sehensw\u00fcrdigkeiten in Guatemala. Es ist zudem eine sehr unsichere Stadt. Davon ausgenommen sind ein paar wenige Stadtbezirke, die hier Zonen genannt werden. Eigentlich wollten wir auch gar nicht in der Stadt \u00fcbernachten, aber es gab keine M\u00f6glichkeit am selben Tag der Landung nachmittags noch zu unserem n\u00e4chsten Ziel dem Lago de Atitl\u00e1n zu kommen. In Guatemala fahren die so genannten \u201eChicken-Busse\u201c. Das sind ehemalige Schulbusse, z.T. auch aus den USA, die heute f\u00fcr den Public Transport eingesetzt werden und alles, unter anderem auch H\u00fchner transportieren &#8211; daher der Name. Die Busse sollen von Touristen mit Gep\u00e4ck am besten gemieden werden. Also haben wir uns f\u00fcr einen Minibus Shuttle entschieden, den \u00fcbrigens auch gerne bessergestellte Einheimische nehmen, um von Guatemala-City zum Atitl\u00e1n-See zu gelangen. Am Vorabend hatten wir allerdings noch kein Ticket, das machte uns ein wenig nerv\u00f6s. Wir verbrachten eine ganze Zeit im Netz und lasen immer wieder, dass man sich online 24 Stunden vor Reiseantritt gemeldet haben sollte. Als die Eigent\u00fcmer unserer AirBnB Unterkunft abends um 22 Uhr endlich nach Hause kamen, konnten wir sie fragen ob sie eine Idee haben. Und tats\u00e4chlich haben sie sofort den H\u00f6rer in die Hand genommen und uns zwei Pl\u00e4tze bei einem Anbieter f\u00fcr den morgigen Tag reserviert. Eine endg\u00fcltige Zusage hatten wir zwar erst am n\u00e4chsten Morgen, aber ohne ihre Hilfe h\u00e4tten wir wohl an diesem Abend nichts Erfolgreiches zustande gebracht. Es lohnt sich also immer ein Gast in Privatunterk\u00fcnften zu sein. \ud83d\ude42 Au\u00dferdem unterst\u00fctzten wir mit dieser \u00dcbernachtungsm\u00f6glichkeit auch die einheimische Bev\u00f6lkerung und nicht irgendwelche weltweiten Konzerne &#8211; da legen wir bei unseren Reisen gro\u00dfen Wert drauf! Unser Geld soll bei den Einheimischen ankommen und nicht bei gro\u00dfen Unternehmen in den USA oder anderswo auf der Welt.<\/p>\n\n\n\n<figure class=\"wp-block-image size-large\"><img loading=\"lazy\" decoding=\"async\" width=\"1024\" height=\"582\" src=\"https:\/\/www.moinreise.de\/wp-content\/uploads\/2020\/03\/IMG_1756_\u00fcberarbeitet_verkleinert-1024x582.jpg\" alt=\"\" class=\"wp-image-495\" srcset=\"https:\/\/www.moinreise.de\/wp-content\/uploads\/2020\/03\/IMG_1756_\u00fcberarbeitet_verkleinert-1024x582.jpg 1024w, https:\/\/www.moinreise.de\/wp-content\/uploads\/2020\/03\/IMG_1756_\u00fcberarbeitet_verkleinert-300x171.jpg 300w, https:\/\/www.moinreise.de\/wp-content\/uploads\/2020\/03\/IMG_1756_\u00fcberarbeitet_verkleinert-768x436.jpg 768w, https:\/\/www.moinreise.de\/wp-content\/uploads\/2020\/03\/IMG_1756_\u00fcberarbeitet_verkleinert-1536x873.jpg 1536w, https:\/\/www.moinreise.de\/wp-content\/uploads\/2020\/03\/IMG_1756_\u00fcberarbeitet_verkleinert-2048x1164.jpg 2048w\" sizes=\"auto, (max-width: 1024px) 100vw, 1024px\" \/><figcaption class=\"wp-element-caption\"><strong>Warten auf den schicken Chicken-Bus&#8230;<\/strong><\/figcaption><\/figure>\n\n\n\n<figure class=\"wp-block-gallery has-nested-images columns-2 is-cropped wp-block-gallery-1 is-layout-flex wp-block-gallery-is-layout-flex\">\n<figure class=\"wp-block-image\"><img loading=\"lazy\" decoding=\"async\" width=\"1024\" height=\"577\" data-id=\"505\" src=\"https:\/\/www.moinreise.de\/wp-content\/uploads\/2020\/03\/IMG_1760_\u00fcberarbeitet_verkleinert-1024x577.jpg\" alt=\"\" class=\"wp-image-505\" srcset=\"https:\/\/www.moinreise.de\/wp-content\/uploads\/2020\/03\/IMG_1760_\u00fcberarbeitet_verkleinert-1024x577.jpg 1024w, https:\/\/www.moinreise.de\/wp-content\/uploads\/2020\/03\/IMG_1760_\u00fcberarbeitet_verkleinert-300x169.jpg 300w, https:\/\/www.moinreise.de\/wp-content\/uploads\/2020\/03\/IMG_1760_\u00fcberarbeitet_verkleinert-768x432.jpg 768w, https:\/\/www.moinreise.de\/wp-content\/uploads\/2020\/03\/IMG_1760_\u00fcberarbeitet_verkleinert-1536x865.jpg 1536w, https:\/\/www.moinreise.de\/wp-content\/uploads\/2020\/03\/IMG_1760_\u00fcberarbeitet_verkleinert-2048x1153.jpg 2048w, https:\/\/www.moinreise.de\/wp-content\/uploads\/2020\/03\/IMG_1760_\u00fcberarbeitet_verkleinert-1140x641.jpg 1140w, https:\/\/www.moinreise.de\/wp-content\/uploads\/2020\/03\/IMG_1760_\u00fcberarbeitet_verkleinert-540x304.jpg 540w\" sizes=\"auto, (max-width: 1024px) 100vw, 1024px\" \/><figcaption class=\"wp-element-caption\">Variante 1<\/figcaption><\/figure>\n\n\n\n<figure class=\"wp-block-image\"><img loading=\"lazy\" decoding=\"async\" width=\"1024\" height=\"586\" data-id=\"507\" src=\"https:\/\/www.moinreise.de\/wp-content\/uploads\/2020\/03\/IMG_E0518_verkleinert-1024x586.jpg\" alt=\"\" class=\"wp-image-507\" srcset=\"https:\/\/www.moinreise.de\/wp-content\/uploads\/2020\/03\/IMG_E0518_verkleinert-1024x586.jpg 1024w, https:\/\/www.moinreise.de\/wp-content\/uploads\/2020\/03\/IMG_E0518_verkleinert-300x172.jpg 300w, https:\/\/www.moinreise.de\/wp-content\/uploads\/2020\/03\/IMG_E0518_verkleinert-768x439.jpg 768w, https:\/\/www.moinreise.de\/wp-content\/uploads\/2020\/03\/IMG_E0518_verkleinert-1536x879.jpg 1536w, https:\/\/www.moinreise.de\/wp-content\/uploads\/2020\/03\/IMG_E0518_verkleinert.jpg 1750w\" sizes=\"auto, (max-width: 1024px) 100vw, 1024px\" \/><figcaption class=\"wp-element-caption\">Variante 2<\/figcaption><\/figure>\n\n\n\n<figure class=\"wp-block-image\"><img loading=\"lazy\" decoding=\"async\" width=\"1024\" height=\"426\" data-id=\"506\" src=\"https:\/\/www.moinreise.de\/wp-content\/uploads\/2020\/03\/IMG_E0640_verkleinert-1024x426.jpg\" alt=\"\" class=\"wp-image-506\" srcset=\"https:\/\/www.moinreise.de\/wp-content\/uploads\/2020\/03\/IMG_E0640_verkleinert-1024x426.jpg 1024w, https:\/\/www.moinreise.de\/wp-content\/uploads\/2020\/03\/IMG_E0640_verkleinert-300x125.jpg 300w, https:\/\/www.moinreise.de\/wp-content\/uploads\/2020\/03\/IMG_E0640_verkleinert-768x320.jpg 768w, https:\/\/www.moinreise.de\/wp-content\/uploads\/2020\/03\/IMG_E0640_verkleinert-1536x639.jpg 1536w, https:\/\/www.moinreise.de\/wp-content\/uploads\/2020\/03\/IMG_E0640_verkleinert.jpg 2014w\" sizes=\"auto, (max-width: 1024px) 100vw, 1024px\" \/><figcaption class=\"wp-element-caption\">Variante 3 \ud83d\ude42<\/figcaption><\/figure>\n<figcaption class=\"blocks-gallery-caption wp-element-caption\"><strong>Guatemalische Busse<\/strong><\/figcaption><\/figure>\n\n\n\n<p>Am Lago de Atitl\u00e1n im \u00d6rtchen Panajachel angekommen mussten wir nach ca. f\u00fcnf Stunden Fahrt noch in ein Boot umsteigen, weil unser Zielort San Marcos La Laguna auf der anderen Seite des Sees lag. Nach weiteren 30 Minuten Fahrt erreichten wir dann San Marcos. Erster Eindruck: Hier sind wir am Ende der Welt angekommen. Hippies, Yoga-J\u00fcnger und Aussteiger soweit das Auge reicht, mitten in der indigenen Welt der Maya-Nachkommen. Die Landschaft ist von Vulkanen gepr\u00e4gt. Hier sollten wir uns wohl f\u00fchlen. <\/p>\n\n\n\n<figure class=\"wp-block-image size-large is-resized\"><img loading=\"lazy\" decoding=\"async\" src=\"https:\/\/www.moinreise.de\/wp-content\/uploads\/2020\/03\/IMG_1737_\u00fcberarbeitet_verkleinert-1024x683.jpg\" alt=\"\" class=\"wp-image-517\" width=\"523\" height=\"348\" srcset=\"https:\/\/www.moinreise.de\/wp-content\/uploads\/2020\/03\/IMG_1737_\u00fcberarbeitet_verkleinert-1024x683.jpg 1024w, https:\/\/www.moinreise.de\/wp-content\/uploads\/2020\/03\/IMG_1737_\u00fcberarbeitet_verkleinert-300x200.jpg 300w, https:\/\/www.moinreise.de\/wp-content\/uploads\/2020\/03\/IMG_1737_\u00fcberarbeitet_verkleinert-768x512.jpg 768w, https:\/\/www.moinreise.de\/wp-content\/uploads\/2020\/03\/IMG_1737_\u00fcberarbeitet_verkleinert-1536x1024.jpg 1536w, https:\/\/www.moinreise.de\/wp-content\/uploads\/2020\/03\/IMG_1737_\u00fcberarbeitet_verkleinert-2048x1365.jpg 2048w\" sizes=\"auto, (max-width: 523px) 100vw, 523px\" \/><figcaption class=\"wp-element-caption\"><strong>Ausblick von San Marcos La Laguna &#8230;<\/strong><\/figcaption><\/figure>\n\n\n\n<figure class=\"wp-block-image size-large\"><img loading=\"lazy\" decoding=\"async\" width=\"1024\" height=\"308\" src=\"https:\/\/www.moinreise.de\/wp-content\/uploads\/2020\/03\/IMG_E0525_verkleinert-1024x308.jpg\" alt=\"\" class=\"wp-image-520\" srcset=\"https:\/\/www.moinreise.de\/wp-content\/uploads\/2020\/03\/IMG_E0525_verkleinert-1024x308.jpg 1024w, https:\/\/www.moinreise.de\/wp-content\/uploads\/2020\/03\/IMG_E0525_verkleinert-300x90.jpg 300w, https:\/\/www.moinreise.de\/wp-content\/uploads\/2020\/03\/IMG_E0525_verkleinert-768x231.jpg 768w, https:\/\/www.moinreise.de\/wp-content\/uploads\/2020\/03\/IMG_E0525_verkleinert-1536x463.jpg 1536w, https:\/\/www.moinreise.de\/wp-content\/uploads\/2020\/03\/IMG_E0525_verkleinert-2048x617.jpg 2048w\" sizes=\"auto, (max-width: 1024px) 100vw, 1024px\" \/><figcaption class=\"wp-element-caption\"><strong>&#8230; auf den Lago de Atitl\u00e1n <\/strong><\/figcaption><\/figure>\n\n\n\n<figure class=\"wp-block-image size-large is-resized\"><img loading=\"lazy\" decoding=\"async\" src=\"https:\/\/www.moinreise.de\/wp-content\/uploads\/2020\/03\/IMG_E0492_verkleinert-1024x691.jpg\" alt=\"\" class=\"wp-image-529\" width=\"492\" height=\"332\" srcset=\"https:\/\/www.moinreise.de\/wp-content\/uploads\/2020\/03\/IMG_E0492_verkleinert-1024x691.jpg 1024w, https:\/\/www.moinreise.de\/wp-content\/uploads\/2020\/03\/IMG_E0492_verkleinert-300x203.jpg 300w, https:\/\/www.moinreise.de\/wp-content\/uploads\/2020\/03\/IMG_E0492_verkleinert-768x518.jpg 768w, https:\/\/www.moinreise.de\/wp-content\/uploads\/2020\/03\/IMG_E0492_verkleinert-1536x1037.jpg 1536w, https:\/\/www.moinreise.de\/wp-content\/uploads\/2020\/03\/IMG_E0492_verkleinert.jpg 1957w\" sizes=\"auto, (max-width: 492px) 100vw, 492px\" \/><figcaption class=\"wp-element-caption\"><strong>\u00dcberfahrt mit dem Boot. Einheimische nehmen auch gerne ein Handtuch als Sonnenschutz.<\/strong><\/figcaption><\/figure>\n\n\n\n<p>Die n\u00e4chsten Tage zeigten dann aber doch das Gegenteil. Entschleunigung, Einfachheit und wie es in Costa Rica so sch\u00f6n genannt wird \u2013 das Pura Vida \u2013 damit kommen wir sehr gut zu recht. Hier in San Marcos waren es aber die Menschen, die uns etwas schr\u00e4g erschienen. Meist grimmig ausschauende Guatemalteken mit Maya-Wurzeln, von denen jeder f\u00fcnfte mit einer Machete herumlief (einige davon ganztags betrunken). Ich meine, wof\u00fcr braucht man eine Machete, wenn man nicht gerade im Dschungel unterwegs ist und sich den Weg freischlagen m\u00f6chte? Wir wussten ja auch, dass Guatemala nicht zu den sichersten Reisel\u00e4ndern geh\u00f6rte und uns war jedes Mal etwas mulmig, wenn wir jemandem alleine auf der Stra\u00dfe begegneten der eine armlange Machete griffparat hatte. Dann gab es diese Yoga-Leute, die morgens nach ihrer Sonnengru\u00df-Einheit vom Dach pinkelten (!). Und wir sahen v\u00f6llig verlumpte Backpacker vor Ort, oft in Begleitung von mehreren Hunden, deren Haare die Erde erreichten und die anscheinend schon seit zehn Jahren auf Reisen sind ohne einmal ihre Klamotten gewechselt zu haben. Das war selbst f\u00fcr uns alles etwas zu \u201ealternativ\u201c. Der Einkauf von Lebensmitteln gestaltete sich zudem ebenfalls als schwierig. Die Minim\u00e4rkte hatten eine begrenzte Auswahl von verstaubten Lebensmitteln, Fleisch- und Wurstwaren waren sogar g\u00e4nzlich Fehlanzeige. Und die Touristen wurden aufgrund der wenig vorhanden Lebensmitteln, dann auch noch so richtig abgezockt\u2026<\/p>\n\n\n\n<figure class=\"wp-block-image size-large is-resized\"><img loading=\"lazy\" decoding=\"async\" src=\"https:\/\/www.moinreise.de\/wp-content\/uploads\/2020\/03\/IMG_E0584_verkleinert-1024x516.jpg\" alt=\"\" class=\"wp-image-526\" width=\"569\" height=\"286\" srcset=\"https:\/\/www.moinreise.de\/wp-content\/uploads\/2020\/03\/IMG_E0584_verkleinert-1024x516.jpg 1024w, https:\/\/www.moinreise.de\/wp-content\/uploads\/2020\/03\/IMG_E0584_verkleinert-300x151.jpg 300w, https:\/\/www.moinreise.de\/wp-content\/uploads\/2020\/03\/IMG_E0584_verkleinert-768x387.jpg 768w, https:\/\/www.moinreise.de\/wp-content\/uploads\/2020\/03\/IMG_E0584_verkleinert.jpg 1412w\" sizes=\"auto, (max-width: 569px) 100vw, 569px\" \/><figcaption class=\"wp-element-caption\"><strong>Ausblick von unserem H\u00e4uschen<\/strong><\/figcaption><\/figure>\n\n\n\n<figure class=\"wp-block-image size-large is-resized\"><img loading=\"lazy\" decoding=\"async\" src=\"https:\/\/www.moinreise.de\/wp-content\/uploads\/2020\/03\/IMG_E0439_verkleinert-1024x768.jpg\" alt=\"\" class=\"wp-image-527\" width=\"473\" height=\"355\" srcset=\"https:\/\/www.moinreise.de\/wp-content\/uploads\/2020\/03\/IMG_E0439_verkleinert-1024x768.jpg 1024w, https:\/\/www.moinreise.de\/wp-content\/uploads\/2020\/03\/IMG_E0439_verkleinert-300x225.jpg 300w, https:\/\/www.moinreise.de\/wp-content\/uploads\/2020\/03\/IMG_E0439_verkleinert-768x576.jpg 768w, https:\/\/www.moinreise.de\/wp-content\/uploads\/2020\/03\/IMG_E0439_verkleinert-1536x1152.jpg 1536w, https:\/\/www.moinreise.de\/wp-content\/uploads\/2020\/03\/IMG_E0439_verkleinert-120x90.jpg 120w, https:\/\/www.moinreise.de\/wp-content\/uploads\/2020\/03\/IMG_E0439_verkleinert.jpg 2016w\" sizes=\"auto, (max-width: 473px) 100vw, 473px\" \/><figcaption class=\"wp-element-caption\"><strong>Wir wohnten im gelben Stockwerk<\/strong><\/figcaption><\/figure>\n\n\n\n<figure class=\"wp-block-image size-large is-resized\"><img loading=\"lazy\" decoding=\"async\" src=\"https:\/\/www.moinreise.de\/wp-content\/uploads\/2020\/03\/IMG_E0469_verkleinert-1024x768.jpg\" alt=\"\" class=\"wp-image-548\" width=\"471\" height=\"353\" srcset=\"https:\/\/www.moinreise.de\/wp-content\/uploads\/2020\/03\/IMG_E0469_verkleinert-1024x768.jpg 1024w, https:\/\/www.moinreise.de\/wp-content\/uploads\/2020\/03\/IMG_E0469_verkleinert-300x225.jpg 300w, https:\/\/www.moinreise.de\/wp-content\/uploads\/2020\/03\/IMG_E0469_verkleinert-768x576.jpg 768w, https:\/\/www.moinreise.de\/wp-content\/uploads\/2020\/03\/IMG_E0469_verkleinert-1536x1152.jpg 1536w, https:\/\/www.moinreise.de\/wp-content\/uploads\/2020\/03\/IMG_E0469_verkleinert-120x90.jpg 120w, https:\/\/www.moinreise.de\/wp-content\/uploads\/2020\/03\/IMG_E0469_verkleinert.jpg 2016w\" sizes=\"auto, (max-width: 471px) 100vw, 471px\" \/><figcaption class=\"wp-element-caption\"><strong>San Marcos Wegesystem<\/strong><\/figcaption><\/figure>\n\n\n\n<p>Der Ausblick von San Marcos auf drei nebeneinanderliegende Vulkane gegen\u00fcber dem See entsch\u00e4digte uns daf\u00fcr aber m\u00e4chtig. Richteten wir unseren Blick von unserer Terrasse etwas weiter nach links fiel unser Blick auf einen weiteren Vulkan, den \u201eFuego\u201c, der eines Morgens beim Fr\u00fchst\u00fcck auf einmal rauch spuckte. Moment! Ein rauchender Vulkan? Wie bitte? Hat das seine Richtigkeit? Wir holten schnell unser kleines Fernglas heraus, das wir dabeihatten, schmissen zus\u00e4tzlich die Google-Suchmaschine an und fanden heraus, dass dieser Vulkan aktiv ist und zuletzt 2018 (!) einen gr\u00f6\u00dferen Ausbruch mit mehreren hundert toten Menschen verzeichnete. Wahnsinn! Hoffentlich bleibt es bei dem bisschen dunklen Rauch, dachten wir uns. Sp\u00e4ter fanden wir heraus, dass der Vulkan \u00f6fter mal ein bisschen vor sich \u201erumhustet\u201c.<\/p>\n\n\n\n<figure class=\"wp-block-image size-large is-resized\"><img loading=\"lazy\" decoding=\"async\" src=\"https:\/\/www.moinreise.de\/wp-content\/uploads\/2020\/03\/IMG_1714_\u00fcberarbeitet-1016x1024.jpg\" alt=\"\" class=\"wp-image-496\" width=\"440\" height=\"443\" srcset=\"https:\/\/www.moinreise.de\/wp-content\/uploads\/2020\/03\/IMG_1714_\u00fcberarbeitet-1016x1024.jpg 1016w, https:\/\/www.moinreise.de\/wp-content\/uploads\/2020\/03\/IMG_1714_\u00fcberarbeitet-298x300.jpg 298w, https:\/\/www.moinreise.de\/wp-content\/uploads\/2020\/03\/IMG_1714_\u00fcberarbeitet-150x150.jpg 150w, https:\/\/www.moinreise.de\/wp-content\/uploads\/2020\/03\/IMG_1714_\u00fcberarbeitet-768x774.jpg 768w, https:\/\/www.moinreise.de\/wp-content\/uploads\/2020\/03\/IMG_1714_\u00fcberarbeitet-1524x1536.jpg 1524w, https:\/\/www.moinreise.de\/wp-content\/uploads\/2020\/03\/IMG_1714_\u00fcberarbeitet-2032x2048.jpg 2032w\" sizes=\"auto, (max-width: 440px) 100vw, 440px\" \/><figcaption class=\"wp-element-caption\"><strong>Der rauchende \u201eFuego\u201c <\/strong><\/figcaption><\/figure>\n\n\n\n<p>Ein Tier mochte uns am Atitl\u00e1n See besonders gerne und wir nannten die niedliche Katze \u201eMiezi\u201c, die uns jeden Tag mehrmals auf unserer Terrasse besuchte. Manchmal wartete sie sogar schon auf uns bis wir morgens aufstanden und turnte vor unserem Fenster herum oder sie stand vor der Eingangst\u00fcr zum Grundst\u00fcck, und wartete darauf dass wir wieder nach Hause kamen. Sie jagte au\u00dferdem die Eichh\u00f6rnchen von unserem Dach und von den B\u00e4umen, das war ein gro\u00dfer Spass. Sie wollte auch immer gerne zu uns ins H\u00e4uschen. Da die Katze aber offenbar ohne Besitzer war, konnten wir sie leider nicht herein lassen. Zu gro\u00df war die Gefahr, dass irgendwelche Krankheitserreger in unseren Wohnbereich kommen. Streicheln konnten wir sie daher auch nicht, auch wenn sie sehr gepflegt aussah. Das Tierherz in uns macht das nat\u00fcrlich nicht gerne, aber wir haben uns schon auf fr\u00fcheren Reisen angew\u00f6hnt Stra\u00dfentiere lieber zu ignorieren und vor allen Dingen nicht anzufassen, auch wenn es uns sehr schwer f\u00e4llt. Bei Miezi machten wir dann aber doch irgendwie eine Ausnahme und redeten ganz viel mit ihr und sie mit uns\u2026<\/p>\n\n\n\n<div class=\"wp-block-group\"><div class=\"wp-block-group__inner-container is-layout-flow wp-block-group-is-layout-flow\">\n<figure class=\"wp-block-gallery has-nested-images columns-default wp-block-gallery-2 is-layout-flex wp-block-gallery-is-layout-flex\">\n<figure class=\"wp-block-image\"><img loading=\"lazy\" decoding=\"async\" width=\"1024\" height=\"847\" data-id=\"498\" src=\"https:\/\/www.moinreise.de\/wp-content\/uploads\/2020\/03\/IMG_E0583_verkleinert-1024x847.jpg\" alt=\"\" class=\"wp-image-498\" srcset=\"https:\/\/www.moinreise.de\/wp-content\/uploads\/2020\/03\/IMG_E0583_verkleinert-1024x847.jpg 1024w, https:\/\/www.moinreise.de\/wp-content\/uploads\/2020\/03\/IMG_E0583_verkleinert-300x248.jpg 300w, https:\/\/www.moinreise.de\/wp-content\/uploads\/2020\/03\/IMG_E0583_verkleinert-768x635.jpg 768w, https:\/\/www.moinreise.de\/wp-content\/uploads\/2020\/03\/IMG_E0583_verkleinert.jpg 1477w\" sizes=\"auto, (max-width: 1024px) 100vw, 1024px\" \/><figcaption class=\"wp-element-caption\">Tobi und Miezi<\/figcaption><\/figure>\n\n\n\n<figure class=\"wp-block-image\"><img loading=\"lazy\" decoding=\"async\" width=\"1024\" height=\"995\" data-id=\"515\" src=\"https:\/\/www.moinreise.de\/wp-content\/uploads\/2020\/03\/IMG_1722_\u00fcberarbeitet_verkleinert-1-1024x995.jpg\" alt=\"\" class=\"wp-image-515\" srcset=\"https:\/\/www.moinreise.de\/wp-content\/uploads\/2020\/03\/IMG_1722_\u00fcberarbeitet_verkleinert-1-1024x995.jpg 1024w, https:\/\/www.moinreise.de\/wp-content\/uploads\/2020\/03\/IMG_1722_\u00fcberarbeitet_verkleinert-1-300x291.jpg 300w, https:\/\/www.moinreise.de\/wp-content\/uploads\/2020\/03\/IMG_1722_\u00fcberarbeitet_verkleinert-1-768x746.jpg 768w, https:\/\/www.moinreise.de\/wp-content\/uploads\/2020\/03\/IMG_1722_\u00fcberarbeitet_verkleinert-1.jpg 1084w\" sizes=\"auto, (max-width: 1024px) 100vw, 1024px\" \/><figcaption class=\"wp-element-caption\">Miezis Freund das Eichh\u00f6rnchen<\/figcaption><\/figure>\n<figcaption class=\"blocks-gallery-caption wp-element-caption\"><strong>Unsere Haustiere<\/strong><\/figcaption><\/figure>\n<\/div><\/div>\n\n\n<div class=\"wp-block-image\">\n<figure class=\"alignright size-large is-resized\"><img loading=\"lazy\" decoding=\"async\" src=\"https:\/\/www.moinreise.de\/wp-content\/uploads\/2020\/03\/IMG_E0536_verkleinert-768x1024.jpg\" alt=\"\" class=\"wp-image-503\" width=\"312\" height=\"415\" srcset=\"https:\/\/www.moinreise.de\/wp-content\/uploads\/2020\/03\/IMG_E0536_verkleinert-768x1024.jpg 768w, https:\/\/www.moinreise.de\/wp-content\/uploads\/2020\/03\/IMG_E0536_verkleinert-225x300.jpg 225w, https:\/\/www.moinreise.de\/wp-content\/uploads\/2020\/03\/IMG_E0536_verkleinert-1152x1536.jpg 1152w, https:\/\/www.moinreise.de\/wp-content\/uploads\/2020\/03\/IMG_E0536_verkleinert.jpg 1512w\" sizes=\"auto, (max-width: 312px) 100vw, 312px\" \/><figcaption class=\"wp-element-caption\"><strong>Amerikanisches Barbecue in Guatemala<\/strong><\/figcaption><\/figure><\/div>\n\n\n<p>Mit dem Boot setzten wir an einem Tag \u00fcber den See zu den St\u00e4dtchen San Pedro und San Juan \u00fcber, um uns die Orte anzuschauen. Die \u00dcberfahrt dauerte nur wenige Minuten und wir waren auf einmal in einer ganz anderen Welt. Gerade San Pedro war gr\u00f6\u00dfer und mit vielen Backpackern, Restaurants und Bars versehen. Das war auch der Grund, warum wir diesen Ort nicht f\u00fcr unseren Aufenthalt ausw\u00e4hlten. Wir wollten kein Trubel um uns herum, sondern eine chillige Umgebung haben. Wir stellten aber fest, dass zumindest an dem Sonntagvormittag an dem wir dort waren, der Ort gar nicht so schlimm und \u00fcberlaufen war wie bef\u00fcrchtet. Wir schauten uns den hiesigen Markt an (wir lieben die M\u00e4rkte in fremden L\u00e4ndern!) und hatten gegen Mittag Hunger und sind rein zuf\u00e4llig an einem Schild vorbei gekommen mit der Aufschrift \u201eEvery Sunday: Best Barbecue in Guatemala\u201c. Vorsichtig trauten wir uns in den von vielen US-Amerikanern belagerten Biergarten. Das waren auch keine Backpacker, sondern es sah so aus, als wenn diese Amis hier leben w\u00fcrden. In der Tat gibt es in der Region am den Atitl\u00e1n See einige Amerikaner, die sich hier niedergelassen haben und im Tourismusbereich arbeiten. Unsere Unterkunft in San Marcos geh\u00f6rte auch einem Ami. Jedenfalls schauten wir uns das Treiben von diesem Event-Barbecue vor Ort erst einmal an und wurden schnell \u00fcberzeugt, da m\u00fcssen wir auch etwas essen, so dass wir uns spontan hingesetzt haben und am Barbecue teilnahmen. Das Essen war eine willkommene Abwechslung zu Zeiten von Reis mit Bohnen. \ud83d\ude42<\/p>\n\n\n\n<figure class=\"wp-block-gallery has-nested-images columns-2 is-cropped wp-block-gallery-3 is-layout-flex wp-block-gallery-is-layout-flex\">\n<figure class=\"wp-block-image size-large\"><img loading=\"lazy\" decoding=\"async\" width=\"1024\" height=\"667\" data-id=\"540\" src=\"https:\/\/www.moinreise.de\/wp-content\/uploads\/2020\/03\/IMG_E0504_verkleinert-1024x667.jpg\" alt=\"\" class=\"wp-image-540\" srcset=\"https:\/\/www.moinreise.de\/wp-content\/uploads\/2020\/03\/IMG_E0504_verkleinert-1024x667.jpg 1024w, https:\/\/www.moinreise.de\/wp-content\/uploads\/2020\/03\/IMG_E0504_verkleinert-300x195.jpg 300w, https:\/\/www.moinreise.de\/wp-content\/uploads\/2020\/03\/IMG_E0504_verkleinert-768x500.jpg 768w, https:\/\/www.moinreise.de\/wp-content\/uploads\/2020\/03\/IMG_E0504_verkleinert-1536x1000.jpg 1536w, https:\/\/www.moinreise.de\/wp-content\/uploads\/2020\/03\/IMG_E0504_verkleinert.jpg 2016w\" sizes=\"auto, (max-width: 1024px) 100vw, 1024px\" \/><\/figure>\n\n\n\n<figure class=\"wp-block-image size-large\"><img loading=\"lazy\" decoding=\"async\" width=\"1024\" height=\"766\" data-id=\"541\" src=\"https:\/\/www.moinreise.de\/wp-content\/uploads\/2020\/03\/IMG_E0505_verkleinert-1024x766.jpg\" alt=\"\" class=\"wp-image-541\" srcset=\"https:\/\/www.moinreise.de\/wp-content\/uploads\/2020\/03\/IMG_E0505_verkleinert-1024x766.jpg 1024w, https:\/\/www.moinreise.de\/wp-content\/uploads\/2020\/03\/IMG_E0505_verkleinert-300x224.jpg 300w, https:\/\/www.moinreise.de\/wp-content\/uploads\/2020\/03\/IMG_E0505_verkleinert-768x574.jpg 768w, https:\/\/www.moinreise.de\/wp-content\/uploads\/2020\/03\/IMG_E0505_verkleinert-1536x1149.jpg 1536w, https:\/\/www.moinreise.de\/wp-content\/uploads\/2020\/03\/IMG_E0505_verkleinert-120x90.jpg 120w, https:\/\/www.moinreise.de\/wp-content\/uploads\/2020\/03\/IMG_E0505_verkleinert.jpg 1978w\" sizes=\"auto, (max-width: 1024px) 100vw, 1024px\" \/><\/figure>\n\n\n\n<figure class=\"wp-block-image size-large\"><img loading=\"lazy\" decoding=\"async\" width=\"1024\" height=\"472\" data-id=\"542\" src=\"https:\/\/www.moinreise.de\/wp-content\/uploads\/2020\/03\/IMG_E0516_verkleinert-1024x472.jpg\" alt=\"\" class=\"wp-image-542\" srcset=\"https:\/\/www.moinreise.de\/wp-content\/uploads\/2020\/03\/IMG_E0516_verkleinert-1024x472.jpg 1024w, https:\/\/www.moinreise.de\/wp-content\/uploads\/2020\/03\/IMG_E0516_verkleinert-300x138.jpg 300w, https:\/\/www.moinreise.de\/wp-content\/uploads\/2020\/03\/IMG_E0516_verkleinert-768x354.jpg 768w, https:\/\/www.moinreise.de\/wp-content\/uploads\/2020\/03\/IMG_E0516_verkleinert-1536x708.jpg 1536w, https:\/\/www.moinreise.de\/wp-content\/uploads\/2020\/03\/IMG_E0516_verkleinert.jpg 1750w\" sizes=\"auto, (max-width: 1024px) 100vw, 1024px\" \/><\/figure>\n\n\n\n<figure class=\"wp-block-image size-large\"><img loading=\"lazy\" decoding=\"async\" width=\"1024\" height=\"516\" data-id=\"543\" src=\"https:\/\/www.moinreise.de\/wp-content\/uploads\/2020\/03\/IMG_E0555_verkleinert-1024x516.jpg\" alt=\"\" class=\"wp-image-543\" srcset=\"https:\/\/www.moinreise.de\/wp-content\/uploads\/2020\/03\/IMG_E0555_verkleinert-1024x516.jpg 1024w, https:\/\/www.moinreise.de\/wp-content\/uploads\/2020\/03\/IMG_E0555_verkleinert-300x151.jpg 300w, https:\/\/www.moinreise.de\/wp-content\/uploads\/2020\/03\/IMG_E0555_verkleinert-768x387.jpg 768w, https:\/\/www.moinreise.de\/wp-content\/uploads\/2020\/03\/IMG_E0555_verkleinert-1536x774.jpg 1536w, https:\/\/www.moinreise.de\/wp-content\/uploads\/2020\/03\/IMG_E0555_verkleinert-2048x1032.jpg 2048w\" sizes=\"auto, (max-width: 1024px) 100vw, 1024px\" \/><\/figure>\n<figcaption class=\"blocks-gallery-caption wp-element-caption\"><strong>San Pedro und San Juan<\/strong><\/figcaption><\/figure>\n\n\n<div class=\"wp-block-image\">\n<figure class=\"alignleft size-large is-resized\"><img loading=\"lazy\" decoding=\"async\" src=\"https:\/\/www.moinreise.de\/wp-content\/uploads\/2020\/03\/IMG_E0689_verkleinert-1-722x1024.jpg\" alt=\"\" class=\"wp-image-532\" width=\"231\" height=\"327\" srcset=\"https:\/\/www.moinreise.de\/wp-content\/uploads\/2020\/03\/IMG_E0689_verkleinert-1-722x1024.jpg 722w, https:\/\/www.moinreise.de\/wp-content\/uploads\/2020\/03\/IMG_E0689_verkleinert-1-212x300.jpg 212w, https:\/\/www.moinreise.de\/wp-content\/uploads\/2020\/03\/IMG_E0689_verkleinert-1-768x1089.jpg 768w, https:\/\/www.moinreise.de\/wp-content\/uploads\/2020\/03\/IMG_E0689_verkleinert-1-1083x1536.jpg 1083w, https:\/\/www.moinreise.de\/wp-content\/uploads\/2020\/03\/IMG_E0689_verkleinert-1.jpg 1203w\" sizes=\"auto, (max-width: 231px) 100vw, 231px\" \/><figcaption class=\"wp-element-caption\"><strong>Guatemaltekische Hausmannskost<\/strong><\/figcaption><\/figure><\/div>\n\n\n<p>Nach einer kompletten Nacht ohne Strom machten wir uns auf zu unserer n\u00e4chsten Station in Guatemala: Antigua. Es ist nicht die karibische Insel gemeint, sondern eine sch\u00f6ne Stadt unweit von Guatemala-City. Die im Schachbrettmuster angelegte Stadt erinnerte uns beide an Trinidad &#8211; nein auch keine Insel, sondern eine karibische Stadt an der K\u00fcste Kubas. Dort verbrachten wir 2015 unseren Urlaub und beide St\u00e4dte hatten \u00e4hnliche flachbautige H\u00e4user mit wundersch\u00f6nen Hinterh\u00f6fen, die von vorne nicht sichtbar sind und zus\u00e4tzlich gab es dieses charmante Kopfsteinpflaster auf den Stra\u00dfen. Vor einem gro\u00dfen Erdbeben im 19. Jahrhundert war Antigua die Hauptstadt Guatemalas. In Antigua hatten wir uns ein kleines H\u00e4uschen gemietet, das uns irgendwie die ganze Zeit an spanische Bauten erinnerte. Nach dem eher einfachen Aufenthalt am Atitl\u00e1n See konnten wir in Antigua alles bekommen, was unsere Gaumen erfreute. Wir kauften im gut best\u00fcckten Supermarkt ein, der aber v\u00f6llig sinnbefreit aufgebaut war. Wir besuchten den gigantischen Markt, kochten uns selber etwas oder gingen essen. Hier gab es auch mehrere Sternerestaurants, aber einen dortigen Besuch konnten wir uns nicht leisten. Wir gaben uns mit einfacher Hausmannskost zufrieden, die aber sehr lecker war. In Antigua gab es auch mal wieder eine kleine Brauerei und beim Stadtrundgang durch Antigua haben wir das von uns lang ersehnte Fitnessstudio gefunden, wo wir f\u00fcr umgerechnet 5 US$ \u00fcber drei Stunden Cardio- und Kraftsport treiben konnten. <\/p>\n\n\n\n<figure class=\"wp-block-image size-large is-resized\"><img loading=\"lazy\" decoding=\"async\" src=\"https:\/\/www.moinreise.de\/wp-content\/uploads\/2020\/03\/IMG_E0722_verkleinert-1024x768.jpg\" alt=\"\" class=\"wp-image-511\" width=\"446\" height=\"335\" srcset=\"https:\/\/www.moinreise.de\/wp-content\/uploads\/2020\/03\/IMG_E0722_verkleinert-1024x768.jpg 1024w, https:\/\/www.moinreise.de\/wp-content\/uploads\/2020\/03\/IMG_E0722_verkleinert-300x225.jpg 300w, https:\/\/www.moinreise.de\/wp-content\/uploads\/2020\/03\/IMG_E0722_verkleinert-768x576.jpg 768w, https:\/\/www.moinreise.de\/wp-content\/uploads\/2020\/03\/IMG_E0722_verkleinert-1536x1151.jpg 1536w, https:\/\/www.moinreise.de\/wp-content\/uploads\/2020\/03\/IMG_E0722_verkleinert-120x90.jpg 120w, https:\/\/www.moinreise.de\/wp-content\/uploads\/2020\/03\/IMG_E0722_verkleinert.jpg 1897w\" sizes=\"auto, (max-width: 446px) 100vw, 446px\" \/><figcaption class=\"wp-element-caption\"><strong>Besuch von Antiguas Markt. Im Hintergrund der Volc\u00e1n de Agua.<\/strong><\/figcaption><\/figure>\n\n\n\n<figure class=\"wp-block-gallery has-nested-images columns-2 is-cropped wp-block-gallery-4 is-layout-flex wp-block-gallery-is-layout-flex\">\n<figure class=\"wp-block-image\"><img loading=\"lazy\" decoding=\"async\" width=\"1024\" height=\"699\" data-id=\"512\" src=\"https:\/\/www.moinreise.de\/wp-content\/uploads\/2020\/03\/IMG_E0645_verkleinert-1024x699.jpg\" alt=\"\" class=\"wp-image-512\" srcset=\"https:\/\/www.moinreise.de\/wp-content\/uploads\/2020\/03\/IMG_E0645_verkleinert-1024x699.jpg 1024w, https:\/\/www.moinreise.de\/wp-content\/uploads\/2020\/03\/IMG_E0645_verkleinert-300x205.jpg 300w, https:\/\/www.moinreise.de\/wp-content\/uploads\/2020\/03\/IMG_E0645_verkleinert-768x525.jpg 768w, https:\/\/www.moinreise.de\/wp-content\/uploads\/2020\/03\/IMG_E0645_verkleinert-1536x1049.jpg 1536w, https:\/\/www.moinreise.de\/wp-content\/uploads\/2020\/03\/IMG_E0645_verkleinert.jpg 2016w\" sizes=\"auto, (max-width: 1024px) 100vw, 1024px\" \/><figcaption class=\"wp-element-caption\">Antiguas h\u00fcbsche, &#8230;  <\/figcaption><\/figure>\n\n\n\n<figure class=\"wp-block-image\"><img loading=\"lazy\" decoding=\"async\" width=\"1024\" height=\"706\" data-id=\"519\" src=\"https:\/\/www.moinreise.de\/wp-content\/uploads\/2020\/03\/IMG_1770_\u00fcberarbeitet_verkleinert-1024x706.jpg\" alt=\"\" class=\"wp-image-519\" srcset=\"https:\/\/www.moinreise.de\/wp-content\/uploads\/2020\/03\/IMG_1770_\u00fcberarbeitet_verkleinert-1024x706.jpg 1024w, https:\/\/www.moinreise.de\/wp-content\/uploads\/2020\/03\/IMG_1770_\u00fcberarbeitet_verkleinert-300x207.jpg 300w, https:\/\/www.moinreise.de\/wp-content\/uploads\/2020\/03\/IMG_1770_\u00fcberarbeitet_verkleinert-768x530.jpg 768w, https:\/\/www.moinreise.de\/wp-content\/uploads\/2020\/03\/IMG_1770_\u00fcberarbeitet_verkleinert-1536x1059.jpg 1536w, https:\/\/www.moinreise.de\/wp-content\/uploads\/2020\/03\/IMG_1770_\u00fcberarbeitet_verkleinert-2048x1413.jpg 2048w\" sizes=\"auto, (max-width: 1024px) 100vw, 1024px\" \/><figcaption class=\"wp-element-caption\">&#8230;  bunte H\u00e4uschen, &#8230;<\/figcaption><\/figure>\n\n\n\n<figure class=\"wp-block-image\"><img loading=\"lazy\" decoding=\"async\" width=\"1024\" height=\"768\" data-id=\"524\" src=\"https:\/\/www.moinreise.de\/wp-content\/uploads\/2020\/03\/IMG_E0731_verkleinert-1024x768.jpg\" alt=\"\" class=\"wp-image-524\" srcset=\"https:\/\/www.moinreise.de\/wp-content\/uploads\/2020\/03\/IMG_E0731_verkleinert-1024x768.jpg 1024w, https:\/\/www.moinreise.de\/wp-content\/uploads\/2020\/03\/IMG_E0731_verkleinert-300x225.jpg 300w, https:\/\/www.moinreise.de\/wp-content\/uploads\/2020\/03\/IMG_E0731_verkleinert-768x576.jpg 768w, https:\/\/www.moinreise.de\/wp-content\/uploads\/2020\/03\/IMG_E0731_verkleinert-1536x1152.jpg 1536w, https:\/\/www.moinreise.de\/wp-content\/uploads\/2020\/03\/IMG_E0731_verkleinert-120x90.jpg 120w, https:\/\/www.moinreise.de\/wp-content\/uploads\/2020\/03\/IMG_E0731_verkleinert.jpg 2016w\" sizes=\"auto, (max-width: 1024px) 100vw, 1024px\" \/><figcaption class=\"wp-element-caption\">&#8230; Motorr\u00e4der, &#8230;<\/figcaption><\/figure>\n\n\n\n<figure class=\"wp-block-image\"><img loading=\"lazy\" decoding=\"async\" width=\"1024\" height=\"680\" data-id=\"530\" src=\"https:\/\/www.moinreise.de\/wp-content\/uploads\/2020\/03\/IMG_E0686_verkleinert-1024x680.jpg\" alt=\"\" class=\"wp-image-530\" srcset=\"https:\/\/www.moinreise.de\/wp-content\/uploads\/2020\/03\/IMG_E0686_verkleinert-1024x680.jpg 1024w, https:\/\/www.moinreise.de\/wp-content\/uploads\/2020\/03\/IMG_E0686_verkleinert-300x199.jpg 300w, https:\/\/www.moinreise.de\/wp-content\/uploads\/2020\/03\/IMG_E0686_verkleinert-768x510.jpg 768w, https:\/\/www.moinreise.de\/wp-content\/uploads\/2020\/03\/IMG_E0686_verkleinert-1536x1019.jpg 1536w, https:\/\/www.moinreise.de\/wp-content\/uploads\/2020\/03\/IMG_E0686_verkleinert.jpg 2016w\" sizes=\"auto, (max-width: 1024px) 100vw, 1024px\" \/><figcaption class=\"wp-element-caption\">&#8230; und der Parque Central <\/figcaption><\/figure>\n<figcaption class=\"blocks-gallery-caption wp-element-caption\"><strong>Antigua<\/strong><\/figcaption><\/figure>\n\n\n\n<figure class=\"wp-block-image size-large is-resized\"><img loading=\"lazy\" decoding=\"async\" src=\"https:\/\/www.moinreise.de\/wp-content\/uploads\/2020\/03\/IMG_E0752_verkleinert-1024x617.jpg\" alt=\"\" class=\"wp-image-533\" width=\"457\" height=\"275\" srcset=\"https:\/\/www.moinreise.de\/wp-content\/uploads\/2020\/03\/IMG_E0752_verkleinert-1024x617.jpg 1024w, https:\/\/www.moinreise.de\/wp-content\/uploads\/2020\/03\/IMG_E0752_verkleinert-300x181.jpg 300w, https:\/\/www.moinreise.de\/wp-content\/uploads\/2020\/03\/IMG_E0752_verkleinert-768x463.jpg 768w, https:\/\/www.moinreise.de\/wp-content\/uploads\/2020\/03\/IMG_E0752_verkleinert-1536x925.jpg 1536w, https:\/\/www.moinreise.de\/wp-content\/uploads\/2020\/03\/IMG_E0752_verkleinert.jpg 1990w\" sizes=\"auto, (max-width: 457px) 100vw, 457px\" \/><figcaption class=\"wp-element-caption\"><strong>Fitnessclub La F\u00e1brica in Antigua<\/strong><\/figcaption><\/figure>\n\n\n\n<p>In Antigua hat es uns sehr gut gefallen. Von der alten Hauptstadt sind wir dann mit dem Minibus Shuttle zum Flughafen nach Guatemala-City gefahren. Von dort ging es per Flugzeug nach Flores. Auf der kleinen Insel, die in einem Binnensee, dem Lago Pet\u00e9n Itz\u00e1 gelegen ist, f\u00fchlten wir uns sehr wohl. Dort waren die Menschen freundlich und der Ort wirkte irgendwie ein wenig verschlafen. <\/p>\n\n\n\n<figure class=\"wp-block-image is-resized\"><img loading=\"lazy\" decoding=\"async\" src=\"https:\/\/www.moinreise.de\/wp-content\/uploads\/2020\/03\/IMG_E0802-verkleinert-1024x711.jpg\" alt=\"\" class=\"wp-image-546\" width=\"462\" height=\"320\" srcset=\"https:\/\/www.moinreise.de\/wp-content\/uploads\/2020\/03\/IMG_E0802-verkleinert-1024x711.jpg 1024w, https:\/\/www.moinreise.de\/wp-content\/uploads\/2020\/03\/IMG_E0802-verkleinert-300x208.jpg 300w, https:\/\/www.moinreise.de\/wp-content\/uploads\/2020\/03\/IMG_E0802-verkleinert-768x533.jpg 768w, https:\/\/www.moinreise.de\/wp-content\/uploads\/2020\/03\/IMG_E0802-verkleinert-1536x1066.jpg 1536w, https:\/\/www.moinreise.de\/wp-content\/uploads\/2020\/03\/IMG_E0802-verkleinert.jpg 1876w\" sizes=\"auto, (max-width: 462px) 100vw, 462px\" \/><figcaption class=\"wp-element-caption\"><strong>Auch bei grauem Wetter waren Flores Stra\u00dfen bunt und freundlich<\/strong><\/figcaption><\/figure>\n\n\n\n<figure class=\"wp-block-image is-resized\"><img loading=\"lazy\" decoding=\"async\" src=\"https:\/\/www.moinreise.de\/wp-content\/uploads\/2020\/03\/IMG_E0797_verkleinert-1024x768.jpg\" alt=\"\" class=\"wp-image-545\" width=\"465\" height=\"349\" srcset=\"https:\/\/www.moinreise.de\/wp-content\/uploads\/2020\/03\/IMG_E0797_verkleinert-1024x768.jpg 1024w, https:\/\/www.moinreise.de\/wp-content\/uploads\/2020\/03\/IMG_E0797_verkleinert-300x225.jpg 300w, https:\/\/www.moinreise.de\/wp-content\/uploads\/2020\/03\/IMG_E0797_verkleinert-768x576.jpg 768w, https:\/\/www.moinreise.de\/wp-content\/uploads\/2020\/03\/IMG_E0797_verkleinert-1536x1152.jpg 1536w, https:\/\/www.moinreise.de\/wp-content\/uploads\/2020\/03\/IMG_E0797_verkleinert-120x90.jpg 120w, https:\/\/www.moinreise.de\/wp-content\/uploads\/2020\/03\/IMG_E0797_verkleinert.jpg 2016w\" sizes=\"auto, (max-width: 465px) 100vw, 465px\" \/><figcaption class=\"wp-element-caption\"><strong>Ausblick von unserer Unterkunft <\/strong><\/figcaption><\/figure>\n\n\n\n<figure class=\"wp-block-image is-resized\"><img loading=\"lazy\" decoding=\"async\" src=\"https:\/\/www.moinreise.de\/wp-content\/uploads\/2020\/03\/IMG_E0956_verkleinert-1024x654.jpg\" alt=\"\" class=\"wp-image-547\" width=\"467\" height=\"298\" srcset=\"https:\/\/www.moinreise.de\/wp-content\/uploads\/2020\/03\/IMG_E0956_verkleinert-1024x654.jpg 1024w, https:\/\/www.moinreise.de\/wp-content\/uploads\/2020\/03\/IMG_E0956_verkleinert-300x191.jpg 300w, https:\/\/www.moinreise.de\/wp-content\/uploads\/2020\/03\/IMG_E0956_verkleinert-768x490.jpg 768w, https:\/\/www.moinreise.de\/wp-content\/uploads\/2020\/03\/IMG_E0956_verkleinert-1536x980.jpg 1536w, https:\/\/www.moinreise.de\/wp-content\/uploads\/2020\/03\/IMG_E0956_verkleinert.jpg 1952w\" sizes=\"auto, (max-width: 467px) 100vw, 467px\" \/><figcaption class=\"wp-element-caption\"><strong>Bootsanleger in Flores<\/strong><\/figcaption><\/figure>\n\n\n\n<p>Von Flores aus haben wir einen Tagesausflug zu den bekannten Mayatempeln von Tikal unternommen. Wir buchten uns einen Shuttle f\u00fcr wenige US$ und fuhren morgens um 6 Uhr los. Es war noch dunkel auf dem Weg zum Treffpunkt des Shuttle Service. Nach 1,5 Stunden Fahrt kamen wir am Zielort an und erwarteten \u2013 viele Menschen. Da wir 2016 die Inkastadt Machu Picchu in Peru besucht haben (die \u00fcbrigens faszinierend ist!) und dort t\u00e4glich 2.000 Besucher Einlass erhalten (wenn es nicht reglementiert w\u00e4re, w\u00fcrden noch mehr kommen), haben wir mit \u00e4hnlichen Zahlen gerechnet. Tikal ist eine der bedeutendsten Mayatempel in Guatemala, Belize und M\u00e9xico. Zu unserem gro\u00dfen Erstaunen, war es in Tikal aber menschenleer. Hatte das mit dem Coronavirus zu tun? Wo sind eigentlich die vielen Chinesen, die wir sonst auf unseren Fernreisen so oft sehen? Keine Spur von Chinesen und allgemein von Asiaten. Wir dachten dar\u00fcber nach und wir glauben zuletzt welche auf den Gal\u00e1pagosinseln gesehen zu haben.<\/p>\n\n\n\n<figure class=\"wp-block-image size-large is-resized\"><img loading=\"lazy\" decoding=\"async\" src=\"https:\/\/www.moinreise.de\/wp-content\/uploads\/2020\/03\/IMG_E0869_verkleinert-1024x603.jpg\" alt=\"\" class=\"wp-image-534\" width=\"533\" height=\"313\" srcset=\"https:\/\/www.moinreise.de\/wp-content\/uploads\/2020\/03\/IMG_E0869_verkleinert-1024x603.jpg 1024w, https:\/\/www.moinreise.de\/wp-content\/uploads\/2020\/03\/IMG_E0869_verkleinert-300x177.jpg 300w, https:\/\/www.moinreise.de\/wp-content\/uploads\/2020\/03\/IMG_E0869_verkleinert-768x453.jpg 768w, https:\/\/www.moinreise.de\/wp-content\/uploads\/2020\/03\/IMG_E0869_verkleinert-1536x905.jpg 1536w, https:\/\/www.moinreise.de\/wp-content\/uploads\/2020\/03\/IMG_E0869_verkleinert.jpg 1892w\" sizes=\"auto, (max-width: 533px) 100vw, 533px\" \/><figcaption class=\"wp-element-caption\"><strong>Wo sind denn die Asiaten?<\/strong><\/figcaption><\/figure>\n\n\n\n<figure class=\"wp-block-image size-large is-resized\"><img loading=\"lazy\" decoding=\"async\" src=\"https:\/\/www.moinreise.de\/wp-content\/uploads\/2020\/03\/IMG_E0903_verkeinert-1024x624.jpg\" alt=\"\" class=\"wp-image-535\" width=\"592\" height=\"360\" srcset=\"https:\/\/www.moinreise.de\/wp-content\/uploads\/2020\/03\/IMG_E0903_verkeinert-1024x624.jpg 1024w, https:\/\/www.moinreise.de\/wp-content\/uploads\/2020\/03\/IMG_E0903_verkeinert-300x183.jpg 300w, https:\/\/www.moinreise.de\/wp-content\/uploads\/2020\/03\/IMG_E0903_verkeinert-768x468.jpg 768w, https:\/\/www.moinreise.de\/wp-content\/uploads\/2020\/03\/IMG_E0903_verkeinert-1536x935.jpg 1536w, https:\/\/www.moinreise.de\/wp-content\/uploads\/2020\/03\/IMG_E0903_verkeinert.jpg 1982w\" sizes=\"auto, (max-width: 592px) 100vw, 592px\" \/><figcaption class=\"wp-element-caption\"><strong>Der gro\u00dfe Platz in Tikal fast menschenleer<\/strong><\/figcaption><\/figure>\n\n\n\n<figure class=\"wp-block-image size-large is-resized\"><img loading=\"lazy\" decoding=\"async\" src=\"https:\/\/www.moinreise.de\/wp-content\/uploads\/2020\/03\/EEJVE7947_verkleinert.jpg\" alt=\"\" class=\"wp-image-537\" width=\"535\" height=\"400\" srcset=\"https:\/\/www.moinreise.de\/wp-content\/uploads\/2020\/03\/EEJVE7947_verkleinert.jpg 718w, https:\/\/www.moinreise.de\/wp-content\/uploads\/2020\/03\/EEJVE7947_verkleinert-300x225.jpg 300w, https:\/\/www.moinreise.de\/wp-content\/uploads\/2020\/03\/EEJVE7947_verkleinert-120x90.jpg 120w\" sizes=\"auto, (max-width: 535px) 100vw, 535px\" \/><figcaption class=\"wp-element-caption\"><strong>Seht ihr Janina?<\/strong><\/figcaption><\/figure>\n\n\n\n<figure class=\"wp-block-image size-large\"><img loading=\"lazy\" decoding=\"async\" width=\"1024\" height=\"552\" src=\"https:\/\/www.moinreise.de\/wp-content\/uploads\/2020\/03\/IMG_1823_\u00fcberarbeitet_verkleinert-1024x552.jpg\" alt=\"\" class=\"wp-image-538\" srcset=\"https:\/\/www.moinreise.de\/wp-content\/uploads\/2020\/03\/IMG_1823_\u00fcberarbeitet_verkleinert-1024x552.jpg 1024w, https:\/\/www.moinreise.de\/wp-content\/uploads\/2020\/03\/IMG_1823_\u00fcberarbeitet_verkleinert-300x162.jpg 300w, https:\/\/www.moinreise.de\/wp-content\/uploads\/2020\/03\/IMG_1823_\u00fcberarbeitet_verkleinert-768x414.jpg 768w, https:\/\/www.moinreise.de\/wp-content\/uploads\/2020\/03\/IMG_1823_\u00fcberarbeitet_verkleinert-1536x828.jpg 1536w, https:\/\/www.moinreise.de\/wp-content\/uploads\/2020\/03\/IMG_1823_\u00fcberarbeitet_verkleinert-2048x1104.jpg 2048w\" sizes=\"auto, (max-width: 1024px) 100vw, 1024px\" \/><figcaption class=\"wp-element-caption\"><strong>Tadaaa &#8230;<\/strong><\/figcaption><\/figure>\n\n\n<div class=\"wp-block-image\">\n<figure class=\"alignleft size-large is-resized\"><img loading=\"lazy\" decoding=\"async\" src=\"https:\/\/www.moinreise.de\/wp-content\/uploads\/2020\/03\/IMG_1872_\u00fcberarbeitet_verkleinert-912x1024.jpg\" alt=\"\" class=\"wp-image-536\" width=\"315\" height=\"353\" srcset=\"https:\/\/www.moinreise.de\/wp-content\/uploads\/2020\/03\/IMG_1872_\u00fcberarbeitet_verkleinert-912x1024.jpg 912w, https:\/\/www.moinreise.de\/wp-content\/uploads\/2020\/03\/IMG_1872_\u00fcberarbeitet_verkleinert-267x300.jpg 267w, https:\/\/www.moinreise.de\/wp-content\/uploads\/2020\/03\/IMG_1872_\u00fcberarbeitet_verkleinert-768x862.jpg 768w, https:\/\/www.moinreise.de\/wp-content\/uploads\/2020\/03\/IMG_1872_\u00fcberarbeitet_verkleinert-1369x1536.jpg 1369w, https:\/\/www.moinreise.de\/wp-content\/uploads\/2020\/03\/IMG_1872_\u00fcberarbeitet_verkleinert.jpg 1504w\" sizes=\"auto, (max-width: 315px) 100vw, 315px\" \/><figcaption class=\"wp-element-caption\"><strong>&#8230; und noch einmal unsere Lieblingspose f\u00fcr Thomas \ud83d\ude42<\/strong><\/figcaption><\/figure><\/div>\n\n\n<p>Tikal fanden wir sehenswert und beeindruckend. Wir konnten uns auf dem gro\u00dfen Gel\u00e4nde frei und ohne Guide bewegen. Es wurden sogar bisher noch nicht einmal alle Ruinen ausgegraben. Einige waren noch vollkommen mit Erdreich bedeckt und von dicken gro\u00dfen B\u00e4umen bewachsen. Sehr erstaunlich! Die meisten Tempel durfte man zudem noch besteigen. Das ist auf vielen anderen Mayaruinen in M\u00e9xico oft nicht mehr m\u00f6glich. Wir haben in unserem Reisef\u00fchrer gelesen, dass es gelegentlich auch zu \u00dcberf\u00e4llen auf dem Tikal-Ruinengel\u00e4nde kommen kann, vor allem, wenn eine bestimmte abgelegene Ruine besucht wird. Da an diesem Tag auf dem Gel\u00e4nde wirklich wenig los war, haben wir uns entschlossen diese bestimmte Ruine einfach mal auszulassen. Immerhin hatten wir unser komplettes Technik-Equipment inklusive Spiegelreflexkamera, Teleobjektiv und 4k-Aktioncam dabei. Aber es gab auch so genug zu sehen: wir besuchten innerhalb von sieben Stunden die unterschiedlichen kleinen und ziemlich gro\u00dfen Mayatempel, machten sch\u00f6ne Aufnahmen und f\u00fcrchteten uns auf den einsamen Dschungelpfaden von einer Ruine zur n\u00e4chsten vor den Wildkatzen, die es hier auch noch geben sollte. Davon bekamen wir allerdings keine vor die Linse. Als es dann aber doch das eine mal etwas lauter im Geb\u00fcsch raschelte\u2026 kam eine Nasenb\u00e4rfamilie hervor. \ud83d\ude42<\/p>\n\n\n\n<figure class=\"wp-block-gallery has-nested-images columns-default is-cropped wp-block-gallery-5 is-layout-flex wp-block-gallery-is-layout-flex\">\n<figure class=\"wp-block-image\"><img loading=\"lazy\" decoding=\"async\" width=\"787\" height=\"997\" data-id=\"553\" src=\"https:\/\/www.moinreise.de\/wp-content\/uploads\/2020\/03\/IMG_E0895_verkleinert-1.jpg\" alt=\"\" class=\"wp-image-553\" srcset=\"https:\/\/www.moinreise.de\/wp-content\/uploads\/2020\/03\/IMG_E0895_verkleinert-1.jpg 787w, https:\/\/www.moinreise.de\/wp-content\/uploads\/2020\/03\/IMG_E0895_verkleinert-1-237x300.jpg 237w, https:\/\/www.moinreise.de\/wp-content\/uploads\/2020\/03\/IMG_E0895_verkleinert-1-768x973.jpg 768w\" sizes=\"auto, (max-width: 787px) 100vw, 787px\" \/><figcaption class=\"wp-element-caption\">Putziger neugieriger Nasenb\u00e4r<\/figcaption><\/figure>\n\n\n\n<figure class=\"wp-block-image\"><img loading=\"lazy\" decoding=\"async\" width=\"768\" height=\"1024\" data-id=\"552\" src=\"https:\/\/www.moinreise.de\/wp-content\/uploads\/2020\/03\/IMG_E0648_verkleinert-1-768x1024.jpg\" alt=\"\" class=\"wp-image-552\" srcset=\"https:\/\/www.moinreise.de\/wp-content\/uploads\/2020\/03\/IMG_E0648_verkleinert-1-768x1024.jpg 768w, https:\/\/www.moinreise.de\/wp-content\/uploads\/2020\/03\/IMG_E0648_verkleinert-1-225x300.jpg 225w, https:\/\/www.moinreise.de\/wp-content\/uploads\/2020\/03\/IMG_E0648_verkleinert-1-1152x1536.jpg 1152w, https:\/\/www.moinreise.de\/wp-content\/uploads\/2020\/03\/IMG_E0648_verkleinert-1.jpg 1512w\" sizes=\"auto, (max-width: 768px) 100vw, 768px\" \/><figcaption class=\"wp-element-caption\">Tobi und seine Ananas wollen die Welt sehen!<\/figcaption><\/figure>\n<figcaption class=\"blocks-gallery-caption wp-element-caption\"><strong>Typisch f\u00fcr Guatemala<\/strong><\/figcaption><\/figure>\n\n\n\n<p>In der Summe hat uns Guatemala mit Ausnahme des Atitl\u00e1n Sees gut gefallen. Ausgerechnet der See hatte bei uns aber zuvor die gr\u00f6\u00dften Erwartungen erweckt, weil wir viel Positives gelesen haben. So ist es manchmal: Das Beste ist immer keine Erwartungen zu haben, denn ohne Erwartungen kann man eigentlich auch nur positiv \u00fcberrascht und nicht entt\u00e4uscht werden. &nbsp;<\/p>\n\n\n\n<p><\/p>\n","protected":false},"excerpt":{"rendered":"<p>Unsere Reisezeit: Februar 2020 Von Costa Ricas Hauptstadt San Jos\u00e9 sind wir nach Guatemala-City geflogen. Die eher unsicheren L\u00e4nder Mittelamerikas Honduras, El Salvador und Nicaragua wollten wir \u00fcberspringen. Im Laufe der Reise durch Costa Rica h\u00f6rten wir allerdings viele sch\u00f6ne Eindr\u00fccke von anderen Reisenden \u00fcber Nicaragua und wir \u00e4rgerten uns, dass wir nicht doch einen&hellip;<\/p>\n","protected":false},"author":2,"featured_media":0,"comment_status":"open","ping_status":"open","sticky":false,"template":"","format":"standard","meta":{"_monsterinsights_skip_tracking":false,"_monsterinsights_sitenote_active":false,"_monsterinsights_sitenote_note":"","_monsterinsights_sitenote_category":0,"footnotes":""},"categories":[5],"tags":[],"class_list":["post-494","post","type-post","status-publish","format-standard","hentry","category-suedamerika"],"aioseo_notices":[],"post_mailing_queue_ids":[],"_links":{"self":[{"href":"https:\/\/www.moinreise.de\/index.php\/wp-json\/wp\/v2\/posts\/494","targetHints":{"allow":["GET"]}}],"collection":[{"href":"https:\/\/www.moinreise.de\/index.php\/wp-json\/wp\/v2\/posts"}],"about":[{"href":"https:\/\/www.moinreise.de\/index.php\/wp-json\/wp\/v2\/types\/post"}],"author":[{"embeddable":true,"href":"https:\/\/www.moinreise.de\/index.php\/wp-json\/wp\/v2\/users\/2"}],"replies":[{"embeddable":true,"href":"https:\/\/www.moinreise.de\/index.php\/wp-json\/wp\/v2\/comments?post=494"}],"version-history":[{"count":22,"href":"https:\/\/www.moinreise.de\/index.php\/wp-json\/wp\/v2\/posts\/494\/revisions"}],"predecessor-version":[{"id":1373,"href":"https:\/\/www.moinreise.de\/index.php\/wp-json\/wp\/v2\/posts\/494\/revisions\/1373"}],"wp:attachment":[{"href":"https:\/\/www.moinreise.de\/index.php\/wp-json\/wp\/v2\/media?parent=494"}],"wp:term":[{"taxonomy":"category","embeddable":true,"href":"https:\/\/www.moinreise.de\/index.php\/wp-json\/wp\/v2\/categories?post=494"},{"taxonomy":"post_tag","embeddable":true,"href":"https:\/\/www.moinreise.de\/index.php\/wp-json\/wp\/v2\/tags?post=494"}],"curies":[{"name":"wp","href":"https:\/\/api.w.org\/{rel}","templated":true}]}}