{"id":455,"date":"2020-03-23T23:31:10","date_gmt":"2020-03-23T22:31:10","guid":{"rendered":"https:\/\/www.moinreise.de\/?p=455"},"modified":"2023-07-24T21:46:51","modified_gmt":"2023-07-24T19:46:51","slug":"15-pura-vida-in-costa-rica-vulkane-heisse-quellen-nebelwaelder-und-die-pazifikstraende","status":"publish","type":"post","link":"https:\/\/www.moinreise.de\/index.php\/2020\/03\/23\/15-pura-vida-in-costa-rica-vulkane-heisse-quellen-nebelwaelder-und-die-pazifikstraende\/","title":{"rendered":"#15 Pura Vida in Costa Rica: Vulkane, hei\u00dfe Quellen, Nebelw\u00e4lder und die Pazifikstr\u00e4nde"},"content":{"rendered":"\n<p class=\"has-medium-font-size\">Unsere Reisezeit: Februar 2020<\/p>\n\n\n\n<figure class=\"wp-block-image size-large is-resized\"><img loading=\"lazy\" decoding=\"async\" src=\"https:\/\/www.moinreise.de\/wp-content\/uploads\/2020\/03\/IMG_E0382-1024x654.jpg\" alt=\"\" class=\"wp-image-456\" width=\"325\" height=\"207\" srcset=\"https:\/\/www.moinreise.de\/wp-content\/uploads\/2020\/03\/IMG_E0382-1024x654.jpg 1024w, https:\/\/www.moinreise.de\/wp-content\/uploads\/2020\/03\/IMG_E0382-300x192.jpg 300w, https:\/\/www.moinreise.de\/wp-content\/uploads\/2020\/03\/IMG_E0382-768x491.jpg 768w, https:\/\/www.moinreise.de\/wp-content\/uploads\/2020\/03\/IMG_E0382-1536x981.jpg 1536w, https:\/\/www.moinreise.de\/wp-content\/uploads\/2020\/03\/IMG_E0382-2048x1308.jpg 2048w\" sizes=\"auto, (max-width: 325px) 100vw, 325px\" \/><figcaption class=\"wp-element-caption\"><strong>Costa Ricas Auto Kennzeichen<\/strong><\/figcaption><\/figure>\n\n\n\n<p>Von Cocles aus fuhren wir weiter mit dem Bus nach La Fortuna. Das Bussystem in Costa Rica ist speziell. Anders als in Panam\u00e1 fahren nicht permanent Busse, sondern teilweise gab es nur einmal t\u00e4glich eine einzige Verbindung. Wir mussten von daher den Bus um 6:30 Uhr in Puerto Viejo nehmen, um bis nach San Jos\u00e9 zu fahren. Unsere erste Hoffnung war, dass unser Taxifahrer, den wir beauftragt hatten, morgens um 6 Uhr auch da sein wird. Alle TukTuk Fahrer haben eine Fahrt um diese Zeit n\u00e4mlich abgelehnt. Tobis Aussage dazu: Denen geht es wohl zu gut! Es hat aber letztlich geklappt und wir haben den Bus um 6 Uhr erreicht. Es hat die ganze Fahrt \u00fcber geregnet wie auch schon die vorherige Nacht. In San Jos\u00e9 angekommen, war der Regen vorbei. Wir mussten nach dem Ausstieg aber erst einmal die ganzen Taxifahrer absch\u00fctteln, die sich darum dr\u00e4ngelten einen Fahrgast zu ergattern und einem beim Ausstieg schon fast den Finger in die Nase bohrten. Wir holten so schnell es ging unseren Rucksack, was gar nicht so einfach war, weil der ganze Bus von Taxifahrern regelrecht belagert wurde und fl\u00fcchteten zum Busterminal einmal um die Ecke. Das war das n\u00e4chste \u201eSpezielle\u201c: In Costa Rica hat jedes Busunternehmen in den Gro\u00dfst\u00e4dten seinen eigenen Terminal\u2026 normalerweise gibt es ein Gesamtterminal in einer Stadt. Das verkomplizierte einen Umstieg von daher enorm. Das Stadtviertel in dem wir uns befanden war zudem nicht die beste Adresse in der Hauptstadt. Am neuen Terminal angekommen mussten wir uns sehr beeilen noch eine Fahrkarte zu kaufen, um den Anschlussbus zu erwischen. Dritte Spezialit\u00e4t: Das Ticket wurde nicht in dem Bus verkauft, so wie es oft \u00fcblich war. Schlussendlich hat aber alles geklappt und wir fuhren mit einem weiteren Umstieg in Quesada bis nach La Fortuna. Nach unseren vorherigen Recherchen war es nicht klar, ob wir bestimmte Anschl\u00fcsse bekommen werden und wenn es ganz dumm gelaufen w\u00e4re, dann w\u00e4ren wir auch erst um 20 Uhr in La Fortuna angekommen. Aber es hat alles wie am Schn\u00fcrchen geklappt und mit einem jeweiligen Spurt zum n\u00e4chsten Bus sind wir bereits um 16 Uhr nach insgesamt zehn Stunden Fahrt in La Fortuna angekommen. Dort holte uns Greivin, der Sohn der Familie unserer n\u00e4chsten AirBnB Unterkunft, mit dem Auto ab. &nbsp;<\/p>\n\n\n\n<p>La Fortuna ist f\u00fcr seinen Arenal Vulkan bekannt. Leider haben wir ihn nicht wirklich gesehen, weil das Wetter tr\u00fcbe und regnerisch, aber dennoch warm und schw\u00fcl war und der Vulkan die ganze Zeit in Wolken steckte. Und was macht man als Norddeutscher bei solch einem Schietwetter? Genau, ein Schwimmbad, ein Spa oder die Sauna besuchen. In La Fortuna gibt es Thermen mit hei\u00dfen Quellen, hier Hot Springs genannt, in denen gebadet werden kann. Das ist die zweite gro\u00dfe Attraktion des Ortes. Generell treten Thermalquellen in Bereichen mit erh\u00f6hter vulkanischer Aktivit\u00e4t auf. Das Wasser wird unterirdisch erhitzt. Wir wussten auch erst nicht wie wir uns das genau vorzustellen haben. Aber nach einer l\u00e4ngeren Recherche im Internet und einem anschlie\u00dfenden Besuch einer sehr noblen hei\u00dfen Quelle, k\u00f6nnen wir hierzu berichten: Es gibt ca. zw\u00f6lf Thermen mit hei\u00dfen Quellen um La Fortuna mit unterschiedlichen Ausgestaltungen. Ganz einfache mit zwei oder drei schwimmbadartigen Becken oder welche, die an ein Hotel angegliedert sind und einen hohen Standard haben. Wir besuchten die mit vielen Palmen und Gr\u00fcnpflanzen hergerichtete Baldi Therme, die auch \u00fcber ein angeschlossenes 5-Sterne Hotel verf\u00fcgt. Sie hatte ca. zehn verschiedene Becken mit unterschiedlichen Temperaturen. Tobi konnte in einigen Becken nicht reingehen, so hei\u00df waren sie. Mir macht das eher weniger etwas aus, da ich auch gerne hei\u00df dusche. \ud83d\ude42<\/p>\n\n\n\n<figure class=\"wp-block-gallery has-nested-images columns-2 is-cropped wp-block-gallery-1 is-layout-flex wp-block-gallery-is-layout-flex\">\n<figure class=\"wp-block-image size-large\"><img loading=\"lazy\" decoding=\"async\" width=\"1024\" height=\"746\" data-id=\"475\" src=\"https:\/\/www.moinreise.de\/wp-content\/uploads\/2020\/03\/IMG_E0040_verkleinert-1024x746.jpg\" alt=\"\" class=\"wp-image-475\" srcset=\"https:\/\/www.moinreise.de\/wp-content\/uploads\/2020\/03\/IMG_E0040_verkleinert-1024x746.jpg 1024w, https:\/\/www.moinreise.de\/wp-content\/uploads\/2020\/03\/IMG_E0040_verkleinert-300x219.jpg 300w, https:\/\/www.moinreise.de\/wp-content\/uploads\/2020\/03\/IMG_E0040_verkleinert-768x559.jpg 768w, https:\/\/www.moinreise.de\/wp-content\/uploads\/2020\/03\/IMG_E0040_verkleinert-1536x1119.jpg 1536w, https:\/\/www.moinreise.de\/wp-content\/uploads\/2020\/03\/IMG_E0040_verkleinert.jpg 1613w\" sizes=\"auto, (max-width: 1024px) 100vw, 1024px\" \/><figcaption class=\"wp-element-caption\">Die Baldi Therme &#8230;<\/figcaption><\/figure>\n\n\n\n<figure class=\"wp-block-image size-large\"><img loading=\"lazy\" decoding=\"async\" width=\"768\" height=\"1024\" data-id=\"476\" src=\"https:\/\/www.moinreise.de\/wp-content\/uploads\/2020\/03\/IMG_E0041_verkleinert-768x1024.jpg\" alt=\"\" class=\"wp-image-476\" srcset=\"https:\/\/www.moinreise.de\/wp-content\/uploads\/2020\/03\/IMG_E0041_verkleinert-768x1024.jpg 768w, https:\/\/www.moinreise.de\/wp-content\/uploads\/2020\/03\/IMG_E0041_verkleinert-225x300.jpg 225w, https:\/\/www.moinreise.de\/wp-content\/uploads\/2020\/03\/IMG_E0041_verkleinert-1152x1536.jpg 1152w, https:\/\/www.moinreise.de\/wp-content\/uploads\/2020\/03\/IMG_E0041_verkleinert.jpg 1210w\" sizes=\"auto, (max-width: 768px) 100vw, 768px\" \/><figcaption class=\"wp-element-caption\">&#8230; mit Wasserfall &#8230;<\/figcaption><\/figure>\n\n\n\n<figure class=\"wp-block-image size-large\"><img loading=\"lazy\" decoding=\"async\" width=\"1024\" height=\"768\" data-id=\"477\" src=\"https:\/\/www.moinreise.de\/wp-content\/uploads\/2020\/03\/IMG_E0051_verkleinert-1024x768.jpg\" alt=\"\" class=\"wp-image-477\" srcset=\"https:\/\/www.moinreise.de\/wp-content\/uploads\/2020\/03\/IMG_E0051_verkleinert-1024x768.jpg 1024w, https:\/\/www.moinreise.de\/wp-content\/uploads\/2020\/03\/IMG_E0051_verkleinert-300x225.jpg 300w, https:\/\/www.moinreise.de\/wp-content\/uploads\/2020\/03\/IMG_E0051_verkleinert-768x576.jpg 768w, https:\/\/www.moinreise.de\/wp-content\/uploads\/2020\/03\/IMG_E0051_verkleinert-1536x1152.jpg 1536w, https:\/\/www.moinreise.de\/wp-content\/uploads\/2020\/03\/IMG_E0051_verkleinert-120x90.jpg 120w, https:\/\/www.moinreise.de\/wp-content\/uploads\/2020\/03\/IMG_E0051_verkleinert.jpg 1586w\" sizes=\"auto, (max-width: 1024px) 100vw, 1024px\" \/><figcaption class=\"wp-element-caption\">&#8230; und Bar<\/figcaption><\/figure>\n<figcaption class=\"blocks-gallery-caption wp-element-caption\"><strong>Thermenbesuch<\/strong><\/figcaption><\/figure>\n\n\n\n<p>In den Pools gab es zum Teil Bars. Ein Becken war komplett ausgestattet mit Fernsehern und wurde von lateinamerikanischer Popmusik beschallt. Und es gab drei unterschiedliche Rutschen. Wir hatten den Eintritt mit einem Buffetessen zusammen gebucht, das war aber nur m\u00e4\u00dfig gut. Der ganze Spa\u00df hat pro Person 47 US$ gekostet\u2026 Und das war schon ein Sonderpreis. Der normale Eintrittspreis lag laut Webseite bei 63 US$. Wir haben einfach den Valentinstag zwei Tage vorgezogen. \ud83d\ude42<\/p>\n\n\n\n<figure class=\"wp-block-image size-large\"><img loading=\"lazy\" decoding=\"async\" width=\"1024\" height=\"369\" src=\"https:\/\/www.moinreise.de\/wp-content\/uploads\/2020\/03\/IMG_E0109_verkleinert-1024x369.jpg\" alt=\"\" class=\"wp-image-465\" srcset=\"https:\/\/www.moinreise.de\/wp-content\/uploads\/2020\/03\/IMG_E0109_verkleinert-1024x369.jpg 1024w, https:\/\/www.moinreise.de\/wp-content\/uploads\/2020\/03\/IMG_E0109_verkleinert-300x108.jpg 300w, https:\/\/www.moinreise.de\/wp-content\/uploads\/2020\/03\/IMG_E0109_verkleinert-768x277.jpg 768w, https:\/\/www.moinreise.de\/wp-content\/uploads\/2020\/03\/IMG_E0109_verkleinert-1536x554.jpg 1536w, https:\/\/www.moinreise.de\/wp-content\/uploads\/2020\/03\/IMG_E0109_verkleinert-2048x739.jpg 2048w\" sizes=\"auto, (max-width: 1024px) 100vw, 1024px\" \/><figcaption class=\"wp-element-caption\"><strong>Regenbogen \u00fcber Santa Elena<\/strong><\/figcaption><\/figure>\n\n\n\n<p>Von La Fortuna aus fuhren wir mit dem dort bekannten Shuttle-Boat-Shuttle Service bis nach Monteverde bzw. Santa Elena. Das gestaltete sich wie folgt: wir wurden morgens um 8 Uhr an unserer Unterkunft mit einem Minibus abgeholt, kurvten erst einmal eine halbe Stunde durch den Ort und sammelten noch mehr Touristen ein. Dann ging es 30 Minuten weiter bis zum Arenalsee, jeder nahm sein Gep\u00e4ck und wir bestiegen ein Boot. Es folgte eine halbst\u00fcndige langsame \u00dcberfahrt \u00fcber den Arenalsee. Auch an diesem Tag war es wolkenverhangen und wir konnten den Arenal Vulkan am Fu\u00dfe des Sees nicht sehen \u2013 Schade! Nach der Bootsfahrt bestiegen wir wieder einen Minibus, machten noch eine Kaffeepause und wurden eineinhalb Stunden sp\u00e4ter in Santa Elena direkt bei der gebuchten Unterkunft abgesetzt. Zu diesem Zeitpunkt war es ungef\u00e4hr 11:30 Uhr. Eine Umrundung des Sees mit einem \u00f6ffentlichen Bus h\u00e4tte so an die acht Stunden gedauert, also g\u00f6nnten wir uns diesen Luxus. Wir gingen sp\u00e4ter einmal in den Ort, der fu\u00dfl\u00e4ufig gar nicht mal so nah dran war und mussten dabei eine ziemlich steile Stra\u00dfe \u201eerklimmen\u201c. Ich kam mir etwas vor wie beim Bergsteigen und musste an unseren netten Hike am Cotopaxi denken. \ud83d\ude42 Nachmittags zog dann ein heftiger Wind auf.<\/p>\n\n\n\n<figure class=\"wp-block-image size-large is-resized\"><img loading=\"lazy\" decoding=\"async\" src=\"https:\/\/www.moinreise.de\/wp-content\/uploads\/2020\/03\/IMG_E0074_verkleinert-1024x768.jpg\" alt=\"\" class=\"wp-image-464\" width=\"553\" height=\"415\" srcset=\"https:\/\/www.moinreise.de\/wp-content\/uploads\/2020\/03\/IMG_E0074_verkleinert-1024x768.jpg 1024w, https:\/\/www.moinreise.de\/wp-content\/uploads\/2020\/03\/IMG_E0074_verkleinert-300x225.jpg 300w, https:\/\/www.moinreise.de\/wp-content\/uploads\/2020\/03\/IMG_E0074_verkleinert-768x576.jpg 768w, https:\/\/www.moinreise.de\/wp-content\/uploads\/2020\/03\/IMG_E0074_verkleinert-1536x1152.jpg 1536w, https:\/\/www.moinreise.de\/wp-content\/uploads\/2020\/03\/IMG_E0074_verkleinert-120x90.jpg 120w, https:\/\/www.moinreise.de\/wp-content\/uploads\/2020\/03\/IMG_E0074_verkleinert.jpg 1544w\" sizes=\"auto, (max-width: 553px) 100vw, 553px\" \/><figcaption class=\"wp-element-caption\"><strong>\u00dcberquerung mit dem Boot &#8230;<\/strong><\/figcaption><\/figure>\n\n\n\n<figure class=\"wp-block-image size-large is-resized\"><img loading=\"lazy\" decoding=\"async\" src=\"https:\/\/www.moinreise.de\/wp-content\/uploads\/2020\/03\/IMG_E0085_verkleinert-1024x716.jpg\" alt=\"\" class=\"wp-image-463\" width=\"550\" height=\"384\" srcset=\"https:\/\/www.moinreise.de\/wp-content\/uploads\/2020\/03\/IMG_E0085_verkleinert-1024x716.jpg 1024w, https:\/\/www.moinreise.de\/wp-content\/uploads\/2020\/03\/IMG_E0085_verkleinert-300x210.jpg 300w, https:\/\/www.moinreise.de\/wp-content\/uploads\/2020\/03\/IMG_E0085_verkleinert-768x537.jpg 768w, https:\/\/www.moinreise.de\/wp-content\/uploads\/2020\/03\/IMG_E0085_verkleinert-1536x1073.jpg 1536w, https:\/\/www.moinreise.de\/wp-content\/uploads\/2020\/03\/IMG_E0085_verkleinert.jpg 1876w\" sizes=\"auto, (max-width: 550px) 100vw, 550px\" \/><figcaption class=\"wp-element-caption\"><strong>&#8230; \u00fcber den Arenalsee<\/strong><\/figcaption><\/figure>\n\n\n\n<p>Nachdem wir die extrem st\u00fcrmische Nacht heil \u00fcberstanden hatten, unsere Haust\u00fcr zum Gl\u00fcck nicht aus den Angeln geflogen war, nachdem wir sie mit dem Sofa aufgrund des st\u00e4ndigen Klapperns zugestellt hatten und sich das Dach auch noch auf dem Haus befand, unternahmen wir am n\u00e4chsten Tag einen Ausflug in den Nebelwald von Santa Elena. Die Experten unter euch, fragen sich vielleicht, warum wir nicht den ber\u00fchmten Monteverde Nationalpark besuchten, so wie es alle machen? Genau deswegen: weil es alle machen, er total \u00fcberf\u00fcllt sein soll und er doppelt so viel Eintritt kostet wie der Santa Elena Park. Zudem soll die Vegetation quasi identisch sein, die minimalen Unterschiede sehen nur studierte Biologen und der Eintritt vom Santa Elena Park geht zu 100 % in die Schulf\u00f6rderung des gleichnamigen Ortes. Da wollten wir etwas Gutes tun und unser Weltreiseportemonnaie zudem schonen. Also ab in den Reserva Bosque Nabuso Santa Elena. Dort sind wir zwei verschiedene Rundwege im tr\u00fcben Nieselregen gelaufen, aber ohne diese feuchte Luft w\u00fcrde es wahrscheinlich auch nicht \u201eNebelwald\u201c hei\u00dfen. Der Park war sehr sch\u00f6n und bestand aus tiefstem Dschungel, die Wege wurden immer matschiger, umso weiter wir gingen. Wir sahen V\u00f6gel und komische lange Raupen. Nach drei Stunden sind wir wieder zur\u00fcckgefahren. Wie wir feststellen mussten sind wir bei unserer Wanderung relativ sauber geblieben im Gegensatz zu den anderen Mitfahrern im Shuttlebus und unsere Funktionskleidung trocknete auch sofort wieder. Kurios an diesem Tag war, dass es an unserem \u00dcbernachtungsort erneut st\u00fcrmisch war, in Santa Elena Downtown die Sonne schien und es im Nebelwald ununterbrochen nieselte. Diese ganzen Orte waren in einem Umkreis von acht Kilometern angesiedelt. Das war schon schr\u00e4g!<\/p>\n\n\n\n<figure class=\"wp-block-gallery has-nested-images columns-2 is-cropped wp-block-gallery-2 is-layout-flex wp-block-gallery-is-layout-flex\">\n<figure class=\"wp-block-image size-large\"><img loading=\"lazy\" decoding=\"async\" width=\"768\" height=\"1024\" data-id=\"468\" src=\"https:\/\/www.moinreise.de\/wp-content\/uploads\/2020\/03\/IMG_E0112_verkleinert-768x1024.jpg\" alt=\"\" class=\"wp-image-468\" srcset=\"https:\/\/www.moinreise.de\/wp-content\/uploads\/2020\/03\/IMG_E0112_verkleinert-768x1024.jpg 768w, https:\/\/www.moinreise.de\/wp-content\/uploads\/2020\/03\/IMG_E0112_verkleinert-225x300.jpg 225w, https:\/\/www.moinreise.de\/wp-content\/uploads\/2020\/03\/IMG_E0112_verkleinert-1152x1536.jpg 1152w, https:\/\/www.moinreise.de\/wp-content\/uploads\/2020\/03\/IMG_E0112_verkleinert.jpg 1210w\" sizes=\"auto, (max-width: 768px) 100vw, 768px\" \/><\/figure>\n\n\n\n<figure class=\"wp-block-image size-large\"><img loading=\"lazy\" decoding=\"async\" width=\"626\" height=\"1024\" data-id=\"469\" src=\"https:\/\/www.moinreise.de\/wp-content\/uploads\/2020\/03\/IMG_E0119_verkleinert-626x1024.jpg\" alt=\"\" class=\"wp-image-469\" srcset=\"https:\/\/www.moinreise.de\/wp-content\/uploads\/2020\/03\/IMG_E0119_verkleinert-626x1024.jpg 626w, https:\/\/www.moinreise.de\/wp-content\/uploads\/2020\/03\/IMG_E0119_verkleinert-183x300.jpg 183w, https:\/\/www.moinreise.de\/wp-content\/uploads\/2020\/03\/IMG_E0119_verkleinert-768x1256.jpg 768w, https:\/\/www.moinreise.de\/wp-content\/uploads\/2020\/03\/IMG_E0119_verkleinert-939x1536.jpg 939w, https:\/\/www.moinreise.de\/wp-content\/uploads\/2020\/03\/IMG_E0119_verkleinert.jpg 986w\" sizes=\"auto, (max-width: 626px) 100vw, 626px\" \/><\/figure>\n\n\n\n<figure class=\"wp-block-image size-large\"><img loading=\"lazy\" decoding=\"async\" width=\"768\" height=\"1024\" data-id=\"470\" src=\"https:\/\/www.moinreise.de\/wp-content\/uploads\/2020\/03\/IMG_E0128_verkleinert-768x1024.jpg\" alt=\"\" class=\"wp-image-470\" srcset=\"https:\/\/www.moinreise.de\/wp-content\/uploads\/2020\/03\/IMG_E0128_verkleinert-768x1024.jpg 768w, https:\/\/www.moinreise.de\/wp-content\/uploads\/2020\/03\/IMG_E0128_verkleinert-225x300.jpg 225w, https:\/\/www.moinreise.de\/wp-content\/uploads\/2020\/03\/IMG_E0128_verkleinert-1152x1536.jpg 1152w, https:\/\/www.moinreise.de\/wp-content\/uploads\/2020\/03\/IMG_E0128_verkleinert.jpg 1210w\" sizes=\"auto, (max-width: 768px) 100vw, 768px\" \/><\/figure>\n\n\n\n<figure class=\"wp-block-image size-large\"><img loading=\"lazy\" decoding=\"async\" width=\"732\" height=\"1024\" data-id=\"471\" src=\"https:\/\/www.moinreise.de\/wp-content\/uploads\/2020\/03\/IMG_E0129_verkleinert-732x1024.jpg\" alt=\"\" class=\"wp-image-471\" srcset=\"https:\/\/www.moinreise.de\/wp-content\/uploads\/2020\/03\/IMG_E0129_verkleinert-732x1024.jpg 732w, https:\/\/www.moinreise.de\/wp-content\/uploads\/2020\/03\/IMG_E0129_verkleinert-214x300.jpg 214w, https:\/\/www.moinreise.de\/wp-content\/uploads\/2020\/03\/IMG_E0129_verkleinert-768x1074.jpg 768w, https:\/\/www.moinreise.de\/wp-content\/uploads\/2020\/03\/IMG_E0129_verkleinert-1098x1536.jpg 1098w, https:\/\/www.moinreise.de\/wp-content\/uploads\/2020\/03\/IMG_E0129_verkleinert.jpg 1153w\" sizes=\"auto, (max-width: 732px) 100vw, 732px\" \/><\/figure>\n<figcaption class=\"blocks-gallery-caption wp-element-caption\"><strong>Nebelwald von Santa Elena<\/strong><\/figcaption><\/figure>\n\n\n<div class=\"wp-block-image\">\n<figure class=\"alignleft is-resized\"><img loading=\"lazy\" decoding=\"async\" src=\"https:\/\/www.moinreise.de\/wp-content\/uploads\/2020\/03\/IMG_E0321_verkleinert-768x1024.jpg\" alt=\"\" class=\"wp-image-459\" width=\"206\" height=\"275\" srcset=\"https:\/\/www.moinreise.de\/wp-content\/uploads\/2020\/03\/IMG_E0321_verkleinert-768x1024.jpg 768w, https:\/\/www.moinreise.de\/wp-content\/uploads\/2020\/03\/IMG_E0321_verkleinert-225x300.jpg 225w, https:\/\/www.moinreise.de\/wp-content\/uploads\/2020\/03\/IMG_E0321_verkleinert.jpg 1101w\" sizes=\"auto, (max-width: 206px) 100vw, 206px\" \/><figcaption class=\"wp-element-caption\"><strong>Coconut Girl<\/strong><\/figcaption><\/figure><\/div>\n\n\n<p>Am darauffolgenden Tag nahmen wir den einzigen Bus, der t\u00e4glich um 6 Uhr f\u00e4hrt! Das wird ja immer fr\u00fcher! Genau meine Zeit\u2026 Ich stehe gerne nachts um 5 Uhr auf, und Tobi erst! \ud83d\ude42 Wir fuhren mit diesem Bus mal wieder bis zur Panamericana, ca. 1,5 Stunden. Da sind wir ausgestiegen und warteten an der Stra\u00dfe auf einen Bus, der bis Nicoya f\u00e4hrt. Wir hatten herausgefunden, dass dies so ca. f\u00fcnf Mal am Tag der Fall sein musste. Vorsichtshalber haben wir dieses Mal ein Schild geschrieben, damit auch der richtige Bus anh\u00e4lt. Und, es hat geklappt! Nach ungef\u00e4hr einer halben Stunde hielt ein Bus an und nahm uns mit. In diesem mussten wir zun\u00e4chst stehen, aber das war nicht lange der Fall. Wir fuhren bis Nicoya, stiegen um und fuhren dann \u00fcber Samara nach Playa Carrillo. <\/p>\n\n\n\n<figure class=\"wp-block-image size-large is-resized\"><img loading=\"lazy\" decoding=\"async\" src=\"https:\/\/www.moinreise.de\/wp-content\/uploads\/2020\/03\/PTVEE7828_verkleinert.jpg\" alt=\"\" class=\"wp-image-484\" width=\"537\" height=\"352\" srcset=\"https:\/\/www.moinreise.de\/wp-content\/uploads\/2020\/03\/PTVEE7828_verkleinert.jpg 755w, https:\/\/www.moinreise.de\/wp-content\/uploads\/2020\/03\/PTVEE7828_verkleinert-300x197.jpg 300w\" sizes=\"auto, (max-width: 537px) 100vw, 537px\" \/><figcaption class=\"wp-element-caption\"><strong>Nach Nicoya, bitte!<\/strong><\/figcaption><\/figure>\n\n\n\n<p>Playa Carrillo &#8211; was f\u00fcr ein wunderbarer traumhafter Ort! Hier verbrachten wir drei N\u00e4chte am Strand in dem kleinen La Posada B&amp;B mit wundersch\u00f6ner Terrasse und Blick auf die riesengro\u00dfe mit Palmen bewachsene Bucht. Der Strand war lang, breit und unbebaut &#8211; ein kleines Paradies auf dieser Erde. Hier hatten wir jeden Tag um die 35\u00b0 Grad und haben selbst beim Duschen noch geschwitzt. Die Nicoyahalbinsel war zu dieser Jahreszeit wesentlich trockener und viel hei\u00dfer als das restliche Costa Rica. Der Ort Carrillo hatte bis auf f\u00fcnf Restaurants, einem kleinen Supermarkt und ein paar wenigen Unterk\u00fcnften nix zu bieten \u2013 also genau das was wir gesucht haben! Wir lieben solche Orte! Endlich hatten wir ein paar ruhige Tage und gingen jeden Tag zum Strand. Dort sahen wir an einem Tag rote Aras und an einem anderen Tag im angrenzenden Flusslauf zum Strand zwei riesengro\u00dfe wilde Krokodile. Das war eine richtige Attraktion, auch f\u00fcr die ganzen Einheimischen. Im Garten unseres B&amp;Bs gab es ebenfalls unz\u00e4hlige Tiere: Colibris, Eichh\u00f6rnchen, Leguane, Waschb\u00e4ren und ein paar Freunde von Heiko. \ud83d\ude42<\/p>\n\n\n\n<figure class=\"wp-block-image size-large is-resized\"><img loading=\"lazy\" decoding=\"async\" src=\"https:\/\/www.moinreise.de\/wp-content\/uploads\/2020\/03\/IMG_E0291_verkleinert-1024x584.jpg\" alt=\"\" class=\"wp-image-458\" width=\"545\" height=\"310\" srcset=\"https:\/\/www.moinreise.de\/wp-content\/uploads\/2020\/03\/IMG_E0291_verkleinert-1024x584.jpg 1024w, https:\/\/www.moinreise.de\/wp-content\/uploads\/2020\/03\/IMG_E0291_verkleinert-300x171.jpg 300w, https:\/\/www.moinreise.de\/wp-content\/uploads\/2020\/03\/IMG_E0291_verkleinert-768x438.jpg 768w, https:\/\/www.moinreise.de\/wp-content\/uploads\/2020\/03\/IMG_E0291_verkleinert-1536x875.jpg 1536w, https:\/\/www.moinreise.de\/wp-content\/uploads\/2020\/03\/IMG_E0291_verkleinert-2048x1167.jpg 2048w\" sizes=\"auto, (max-width: 545px) 100vw, 545px\" \/><figcaption class=\"wp-element-caption\"><strong>Playa Carrillo<\/strong><\/figcaption><\/figure>\n\n\n\n<figure class=\"wp-block-image size-large is-resized\"><img loading=\"lazy\" decoding=\"async\" src=\"https:\/\/www.moinreise.de\/wp-content\/uploads\/2020\/03\/IMG_E0277_verkleinert-1024x768.jpg\" alt=\"\" class=\"wp-image-460\" width=\"545\" height=\"409\" srcset=\"https:\/\/www.moinreise.de\/wp-content\/uploads\/2020\/03\/IMG_E0277_verkleinert-1024x768.jpg 1024w, https:\/\/www.moinreise.de\/wp-content\/uploads\/2020\/03\/IMG_E0277_verkleinert-300x225.jpg 300w, https:\/\/www.moinreise.de\/wp-content\/uploads\/2020\/03\/IMG_E0277_verkleinert-768x576.jpg 768w, https:\/\/www.moinreise.de\/wp-content\/uploads\/2020\/03\/IMG_E0277_verkleinert-1536x1152.jpg 1536w, https:\/\/www.moinreise.de\/wp-content\/uploads\/2020\/03\/IMG_E0277_verkleinert-120x90.jpg 120w, https:\/\/www.moinreise.de\/wp-content\/uploads\/2020\/03\/IMG_E0277_verkleinert.jpg 2016w\" sizes=\"auto, (max-width: 545px) 100vw, 545px\" \/><figcaption class=\"wp-element-caption\"><strong>Tobi in der Palmenbucht<\/strong><\/figcaption><\/figure>\n\n\n\n<figure class=\"wp-block-image size-large is-resized\"><img loading=\"lazy\" decoding=\"async\" src=\"https:\/\/www.moinreise.de\/wp-content\/uploads\/2020\/03\/IMG_E0286_verkleinert-1024x711.jpg\" alt=\"\" class=\"wp-image-461\" width=\"544\" height=\"377\" srcset=\"https:\/\/www.moinreise.de\/wp-content\/uploads\/2020\/03\/IMG_E0286_verkleinert-1024x711.jpg 1024w, https:\/\/www.moinreise.de\/wp-content\/uploads\/2020\/03\/IMG_E0286_verkleinert-300x208.jpg 300w, https:\/\/www.moinreise.de\/wp-content\/uploads\/2020\/03\/IMG_E0286_verkleinert-768x533.jpg 768w, https:\/\/www.moinreise.de\/wp-content\/uploads\/2020\/03\/IMG_E0286_verkleinert.jpg 1435w\" sizes=\"auto, (max-width: 544px) 100vw, 544px\" \/><figcaption class=\"wp-element-caption\"><strong>Die Sonnenkinder freuen sich \u00fcber das tolle Wetter<br><\/strong><\/figcaption><\/figure>\n\n\n\n<figure class=\"wp-block-image size-large is-resized\"><img loading=\"lazy\" decoding=\"async\" src=\"https:\/\/www.moinreise.de\/wp-content\/uploads\/2020\/03\/IMG_E0195_verkleinert-1024x768.jpg\" alt=\"\" class=\"wp-image-474\" width=\"547\" height=\"410\" srcset=\"https:\/\/www.moinreise.de\/wp-content\/uploads\/2020\/03\/IMG_E0195_verkleinert-1024x768.jpg 1024w, https:\/\/www.moinreise.de\/wp-content\/uploads\/2020\/03\/IMG_E0195_verkleinert-300x225.jpg 300w, https:\/\/www.moinreise.de\/wp-content\/uploads\/2020\/03\/IMG_E0195_verkleinert-768x576.jpg 768w, https:\/\/www.moinreise.de\/wp-content\/uploads\/2020\/03\/IMG_E0195_verkleinert-1536x1152.jpg 1536w, https:\/\/www.moinreise.de\/wp-content\/uploads\/2020\/03\/IMG_E0195_verkleinert-120x90.jpg 120w, https:\/\/www.moinreise.de\/wp-content\/uploads\/2020\/03\/IMG_E0195_verkleinert.jpg 2016w\" sizes=\"auto, (max-width: 547px) 100vw, 547px\" \/><figcaption class=\"wp-element-caption\"><strong>Palmen kann es nie genug geben!<\/strong><\/figcaption><\/figure>\n\n\n\n<p>Den Ort hatte uns \u00fcbrigens Greivin aus La Fortuna ans Herz gelegt. Lustig war, dass wir ihn eines Nachmittags am Playa Carrillo trafen. Er war am Tag vorher bei einer Hochzeit in Samara und konnte es sich nicht nehmen lassen noch einmal mit seiner Familie an den wundervollen Strand zu fahren. F\u00fcr ihn und f\u00fcr uns der sch\u00f6nste Ort in Costa Rica. Er sendete uns noch Aufnahmen zu, die ein Familienangeh\u00f6riger an dem Tag als wir uns getroffen haben mit seiner Drohne aufgenommen hat: Einfach zu sch\u00f6n um wahr zu sein. Hoffentlich bebauen sie die Bucht nicht irgendwann\u2026<\/p>\n\n\n\n<figure class=\"wp-block-image size-large is-resized\"><img loading=\"lazy\" decoding=\"async\" src=\"https:\/\/www.moinreise.de\/wp-content\/uploads\/2020\/03\/DGYYE0283-1024x767.jpg\" alt=\"\" class=\"wp-image-457\" width=\"538\" height=\"402\" srcset=\"https:\/\/www.moinreise.de\/wp-content\/uploads\/2020\/03\/DGYYE0283-1024x767.jpg 1024w, https:\/\/www.moinreise.de\/wp-content\/uploads\/2020\/03\/DGYYE0283-300x225.jpg 300w, https:\/\/www.moinreise.de\/wp-content\/uploads\/2020\/03\/DGYYE0283-768x575.jpg 768w, https:\/\/www.moinreise.de\/wp-content\/uploads\/2020\/03\/DGYYE0283-120x90.jpg 120w, https:\/\/www.moinreise.de\/wp-content\/uploads\/2020\/03\/DGYYE0283.jpg 1132w\" sizes=\"auto, (max-width: 538px) 100vw, 538px\" \/><figcaption class=\"wp-element-caption\"><strong>Luftaufnahme von Playa Carrillo<\/strong><\/figcaption><\/figure>\n\n\n\n<figure class=\"wp-block-image size-large is-resized\"><img loading=\"lazy\" decoding=\"async\" src=\"https:\/\/www.moinreise.de\/wp-content\/uploads\/2020\/03\/IMG_E0211_verkleinert-1024x759.jpg\" alt=\"\" class=\"wp-image-478\" width=\"538\" height=\"398\" srcset=\"https:\/\/www.moinreise.de\/wp-content\/uploads\/2020\/03\/IMG_E0211_verkleinert-1024x759.jpg 1024w, https:\/\/www.moinreise.de\/wp-content\/uploads\/2020\/03\/IMG_E0211_verkleinert-300x222.jpg 300w, https:\/\/www.moinreise.de\/wp-content\/uploads\/2020\/03\/IMG_E0211_verkleinert-768x569.jpg 768w, https:\/\/www.moinreise.de\/wp-content\/uploads\/2020\/03\/IMG_E0211_verkleinert-1536x1138.jpg 1536w, https:\/\/www.moinreise.de\/wp-content\/uploads\/2020\/03\/IMG_E0211_verkleinert-120x90.jpg 120w, https:\/\/www.moinreise.de\/wp-content\/uploads\/2020\/03\/IMG_E0211_verkleinert.jpg 1899w\" sizes=\"auto, (max-width: 538px) 100vw, 538px\" \/><figcaption class=\"wp-element-caption\"><strong>Sonnenuntergang von der Terrasse unseres B&amp;Bs in Carrillo<\/strong><\/figcaption><\/figure>\n\n\n\n<p>An einem Abend fuhren wir dann aber doch mal mit dem Bus nach Samara, weil wir neugierig waren wie dieser Ort so ist und gingen dort essen. Es war dort etwas trubeliger und es gab viele Backpacker, und der Strand war definitiv nicht so sch\u00f6n wie in Carrillo. Weil das WLAN an dem Abend nicht funktionierte, bat uns die Kellnerin des Restaurants, in dem wir essen waren, Bargeld am Automaten zu holen und so lange einen Pfand abzugeben. Ich hinterlegte also meinen Ausweis als Pfand, wir haben dann allerdings festgestellt, dass wir doch gerade noch genug Bargeld dabei hatten, bezahlten und was verga\u00dfen wir vor Ort? Nat\u00fcrlich den Ausweis\u2026 oh man\u2026 Kurz nach dem Bezahlen fiel uns dann n\u00e4mlich wie Schuppen von den Augen, dass wir nun gar nicht mehr genug Geld f\u00fcr ein Taxi und die Kreditkarte zum Geldabheben auch nicht dabei haben. In dem ganzen Trubel kann dann so etwas Lapidares wie ein abgegebener Ausweis auch mal unter den Tisch fallen\u2026 Wir \u00fcberlegten noch einmal neu, und wir hatten aber ja die andere Kreditkarte dabei, mit der wir auch Bargeld abheben konnten. Das machten wir normalerweise nicht, weil nur die Santander Bank Fremdgeb\u00fchren von Drittbanken (noch!) erstattet. Costa Rica war aber eines der wenigen L\u00e4nder bei denen keine Fremdgeb\u00fchren beim Geldabheben berechnet werden. Also kein Problem: Geld geholt, Taxi gesucht und nach Hause gefahren, aber eben ohne Ausweis\u2026<\/p>\n\n\n\n<figure class=\"wp-block-image size-large is-resized\"><img loading=\"lazy\" decoding=\"async\" src=\"https:\/\/www.moinreise.de\/wp-content\/uploads\/2020\/03\/IMG_E0260_verkleinert-1024x677.jpg\" alt=\"\" class=\"wp-image-473\" width=\"554\" height=\"366\" srcset=\"https:\/\/www.moinreise.de\/wp-content\/uploads\/2020\/03\/IMG_E0260_verkleinert-1024x677.jpg 1024w, https:\/\/www.moinreise.de\/wp-content\/uploads\/2020\/03\/IMG_E0260_verkleinert-300x198.jpg 300w, https:\/\/www.moinreise.de\/wp-content\/uploads\/2020\/03\/IMG_E0260_verkleinert-768x508.jpg 768w, https:\/\/www.moinreise.de\/wp-content\/uploads\/2020\/03\/IMG_E0260_verkleinert-1536x1016.jpg 1536w, https:\/\/www.moinreise.de\/wp-content\/uploads\/2020\/03\/IMG_E0260_verkleinert.jpg 2008w\" sizes=\"auto, (max-width: 554px) 100vw, 554px\" \/><figcaption class=\"wp-element-caption\"><strong>Warten auf den Bus im kleinen Ort Carrillo<\/strong><\/figcaption><\/figure>\n\n\n\n<p>Also mussten wir am n\u00e4chsten Tag noch einmal mit dem Bus nach Samara fahren und bekamen den Ausweis zum Gl\u00fcck ohne Probleme zur\u00fcck. Diese Geschichte ereignete sich kurz nachdem bereits eine andere dumme Sache passiert war: wir hatten unsere Kreditkarten vertauscht (wir haben eine von demselben Anbieter) und ich habe bei Tobis Kreditkarte dreimal einen falschen Pin, n\u00e4mlich meinen eingegeben. Das war wirklich super \u00e4rgerlich, aber im Endeffekt wurde die Karte nach einem Anruf bei der Bank wieder freigeschaltet. Ende gut, alles gut! Wir haben beide jeweils zwei unterschiedliche Kreditkarten dabei. Zum Geldabheben verwenden wir beide wie gesagt die Santander 1Plus Visa-Card, die nat\u00fcrlich identisch aussieht. Zu der Verwechslung ist es gekommen, weil wir unsere Wertsachen, Kreditkarten, Reisp\u00e4sse, Technik, etc., die wir gerade nicht ben\u00f6tigen, mit unserem Pacsafe im Zimmer an einen nicht beweglichen Gegenstand anschlie\u00dfen. Damit sichern wir uns zus\u00e4tzlich ab, dass uns etwas gestohlen oder unterwegs entwendet wird. Der Pacsafe ist ein stabiler mit Drahtgeflecht konstruierter Sack, der am oberen Ende ein Drahtseil und ein Zahlenschloss hat. Es ist kein 100%iger Schutz, aber ohne spezielles Werkzeug ist es vor Diebstahl gesch\u00fctzt. <\/p>\n\n\n\n<figure class=\"wp-block-image size-large is-resized\"><img loading=\"lazy\" decoding=\"async\" src=\"https:\/\/www.moinreise.de\/wp-content\/uploads\/2020\/03\/IMG_E0375_verkleinert-865x1024.jpg\" alt=\"\" class=\"wp-image-466\" width=\"325\" height=\"385\" srcset=\"https:\/\/www.moinreise.de\/wp-content\/uploads\/2020\/03\/IMG_E0375_verkleinert-865x1024.jpg 865w, https:\/\/www.moinreise.de\/wp-content\/uploads\/2020\/03\/IMG_E0375_verkleinert-253x300.jpg 253w, https:\/\/www.moinreise.de\/wp-content\/uploads\/2020\/03\/IMG_E0375_verkleinert-768x909.jpg 768w, https:\/\/www.moinreise.de\/wp-content\/uploads\/2020\/03\/IMG_E0375_verkleinert-1297x1536.jpg 1297w, https:\/\/www.moinreise.de\/wp-content\/uploads\/2020\/03\/IMG_E0375_verkleinert.jpg 1510w\" sizes=\"auto, (max-width: 325px) 100vw, 325px\" \/><figcaption class=\"wp-element-caption\"><strong>Willkommen in San Jos\u00e9<\/strong><\/figcaption><\/figure>\n\n\n\n<p>Unsere letzten zwei N\u00e4chte in Costa Rica verbrachten wir in der Hauptstadt San Jos\u00e9 bei Mariamalia und ihrer Familie in \u201eEl Escalante\u201c. Dort erlebten wir eine wirklich tolle Gastfreundschaft und wurden sofort nach Ankunft zum Kaffeetrinken und Tortillaessen eingeladen. Der Garten von Mariamalia war mal wieder super sch\u00f6n hergerichtet, ansonsten war alles hinter Gittern\u2026 irgendwie war uns das doch bekannt aus S\u00fcdafrika\u2026 <\/p>\n\n\n\n<figure class=\"wp-block-image size-large is-resized\"><img loading=\"lazy\" decoding=\"async\" src=\"https:\/\/www.moinreise.de\/wp-content\/uploads\/2020\/03\/IMG_E0389_verkleinert-1024x768.jpg\" alt=\"\" class=\"wp-image-467\" width=\"529\" height=\"397\" srcset=\"https:\/\/www.moinreise.de\/wp-content\/uploads\/2020\/03\/IMG_E0389_verkleinert-1024x768.jpg 1024w, https:\/\/www.moinreise.de\/wp-content\/uploads\/2020\/03\/IMG_E0389_verkleinert-300x225.jpg 300w, https:\/\/www.moinreise.de\/wp-content\/uploads\/2020\/03\/IMG_E0389_verkleinert-768x576.jpg 768w, https:\/\/www.moinreise.de\/wp-content\/uploads\/2020\/03\/IMG_E0389_verkleinert-1536x1152.jpg 1536w, https:\/\/www.moinreise.de\/wp-content\/uploads\/2020\/03\/IMG_E0389_verkleinert-120x90.jpg 120w, https:\/\/www.moinreise.de\/wp-content\/uploads\/2020\/03\/IMG_E0389_verkleinert.jpg 2016w\" sizes=\"auto, (max-width: 529px) 100vw, 529px\" \/><figcaption class=\"wp-element-caption\"><strong> Mariamalias Garten<\/strong><\/figcaption><\/figure>\n\n\n\n<p>In San Jos\u00e9 guckten wir uns die Innenstadt an, waren beim Mercado Central und f\u00fcllten unsere Vorr\u00e4te in einem ziemlich riesigen Walmart auf. Nein, keine Hamsterk\u00e4ufe wegen des Coronavirus, aber wir brauchten mal wieder neue Zahnb\u00fcrsten, Sonnencreme, M\u00fcckenschutzmittel und dergleichen. Da verbrachten wir doch fast zwei Stunden in diesem Megamarkt. Au\u00dferdem nahmen wir hier unsere Reisef\u00fchrer in Empfang. Nach langem Suchen \u00fcber Facebook und herumfragen im Freundeskreis, bekamen wir die M\u00f6glichkeit Willi unsere Reisef\u00fchrer zuzusenden. Willi lebt seit vielen Jahren in Costa Rica, kommt aber urspr\u00fcnglich aus Bremen. Er war so lieb, uns sein Postfach zur Verf\u00fcgung zu stellen und meine Eltern schickten die Reisef\u00fchrer als P\u00e4ckchen ab. Drei St\u00fcck an der Zahl sind die Reisef\u00fchrer nat\u00fcrlich erst einmal beim Zoll gelandet und Willi musste nun auch noch die Belege vorweisen, damit er sie aus dem Zoll ausgel\u00f6st bekommt. Aber auch das Problem konnten wir l\u00f6sen und am Ende bekamen wir wirklich unsere Reisef\u00fchrer, die rund vier Wochen auf dem Postweg waren. Das war eine Odyssee und wir haben Willi f\u00fcr die ganzen Umst\u00e4nde erst einmal zum Essen eingeladen. Er wollte noch nicht einmal seine Kosten f\u00fcr den Sprit und die Zollgeb\u00fchren erstattet haben. Danke noch einmal, Willi! Der italienische Besitzer des Restaurants, bei dem wir essen waren, hat \u00fcbrigens eine Zeit lang in Wuppertal gelebt, sprach deutsch und erz\u00e4hlte wilde Geschichten, die alle \u201eIN-CRE-IBLE\u201c waren. Am Ende des Tages hat er seinen deutschen Freunden und guten Kunden dann noch einen riesigen Limoncello ausgegeben. Wir hatten von daher einen netten Abend mit costaricanischen Geschichten, italienischem Essen und deutschen Reisef\u00fchrern. Multikulturell also. \ud83d\ude42<\/p>\n\n\n\n<figure class=\"wp-block-image size-large is-resized\"><img loading=\"lazy\" decoding=\"async\" src=\"https:\/\/www.moinreise.de\/wp-content\/uploads\/2020\/03\/IMG_E9817_verkleinert-834x1024.jpg\" alt=\"\" class=\"wp-image-479\" width=\"409\" height=\"502\" srcset=\"https:\/\/www.moinreise.de\/wp-content\/uploads\/2020\/03\/IMG_E9817_verkleinert-834x1024.jpg 834w, https:\/\/www.moinreise.de\/wp-content\/uploads\/2020\/03\/IMG_E9817_verkleinert-244x300.jpg 244w, https:\/\/www.moinreise.de\/wp-content\/uploads\/2020\/03\/IMG_E9817_verkleinert-768x943.jpg 768w, https:\/\/www.moinreise.de\/wp-content\/uploads\/2020\/03\/IMG_E9817_verkleinert.jpg 992w\" sizes=\"auto, (max-width: 409px) 100vw, 409px\" \/><figcaption class=\"wp-element-caption\"><strong> Pura Vida euch allen! <\/strong><\/figcaption><\/figure>\n","protected":false},"excerpt":{"rendered":"<p>Unsere Reisezeit: Februar 2020 Von Cocles aus fuhren wir weiter mit dem Bus nach La Fortuna. Das Bussystem in Costa Rica ist speziell. Anders als in Panam\u00e1 fahren nicht permanent Busse, sondern teilweise gab es nur einmal t\u00e4glich eine einzige Verbindung. Wir mussten von daher den Bus um 6:30 Uhr in Puerto Viejo nehmen, um&hellip;<\/p>\n","protected":false},"author":3,"featured_media":0,"comment_status":"open","ping_status":"open","sticky":false,"template":"","format":"standard","meta":{"_monsterinsights_skip_tracking":false,"_monsterinsights_sitenote_active":false,"_monsterinsights_sitenote_note":"","_monsterinsights_sitenote_category":0,"footnotes":""},"categories":[5],"tags":[],"class_list":["post-455","post","type-post","status-publish","format-standard","hentry","category-suedamerika"],"aioseo_notices":[],"post_mailing_queue_ids":[],"_links":{"self":[{"href":"https:\/\/www.moinreise.de\/index.php\/wp-json\/wp\/v2\/posts\/455","targetHints":{"allow":["GET"]}}],"collection":[{"href":"https:\/\/www.moinreise.de\/index.php\/wp-json\/wp\/v2\/posts"}],"about":[{"href":"https:\/\/www.moinreise.de\/index.php\/wp-json\/wp\/v2\/types\/post"}],"author":[{"embeddable":true,"href":"https:\/\/www.moinreise.de\/index.php\/wp-json\/wp\/v2\/users\/3"}],"replies":[{"embeddable":true,"href":"https:\/\/www.moinreise.de\/index.php\/wp-json\/wp\/v2\/comments?post=455"}],"version-history":[{"count":13,"href":"https:\/\/www.moinreise.de\/index.php\/wp-json\/wp\/v2\/posts\/455\/revisions"}],"predecessor-version":[{"id":1368,"href":"https:\/\/www.moinreise.de\/index.php\/wp-json\/wp\/v2\/posts\/455\/revisions\/1368"}],"wp:attachment":[{"href":"https:\/\/www.moinreise.de\/index.php\/wp-json\/wp\/v2\/media?parent=455"}],"wp:term":[{"taxonomy":"category","embeddable":true,"href":"https:\/\/www.moinreise.de\/index.php\/wp-json\/wp\/v2\/categories?post=455"},{"taxonomy":"post_tag","embeddable":true,"href":"https:\/\/www.moinreise.de\/index.php\/wp-json\/wp\/v2\/tags?post=455"}],"curies":[{"name":"wp","href":"https:\/\/api.w.org\/{rel}","templated":true}]}}