{"id":423,"date":"2020-03-20T06:16:07","date_gmt":"2020-03-20T05:16:07","guid":{"rendered":"https:\/\/www.moinreise.de\/?p=423"},"modified":"2023-07-24T21:43:36","modified_gmt":"2023-07-24T19:43:36","slug":"14-costa-rica-unsere-erlebnisse-in-cocles","status":"publish","type":"post","link":"https:\/\/www.moinreise.de\/index.php\/2020\/03\/20\/14-costa-rica-unsere-erlebnisse-in-cocles\/","title":{"rendered":"#14 Costa Rica \u2013 Unsere Erlebnisse in Cocles"},"content":{"rendered":"\n<p class=\"has-medium-font-size\">Unsere Reisezeit: Februar 2020<\/p>\n\n\n\n<p>Unsere erste Einreise auf dem Landweg in S\u00fcd- bzw. Zentralamerika hatten wir von Panam\u00e1 nach Costa Rica. Wir fuhren mit einem Bus von Bocas del Toro bzw. Almirante, der Ort am Festland, bis zur Grenze, dort wurden wir herausgelassen, mussten zu einem kleinen H\u00e4uschen gehen und uns den Ausreisestempel holen. Und dann sind wir einfach \u00fcber eine lange Br\u00fccke gelaufen und waren auf der anderen Seite in Costa Rica. Dort bekamen wir unseren Einreisestempel und liefen weiter bis zu einer Bushaltestelle um die Ecke. Da haben wir eine Stunde auf den n\u00e4chsten Bus gewartet und fuhren dann direkt vom Grenzdorf Sixaola bis nach Puerto Viejo bzw. Cocles. <\/p>\n\n\n\n<figure class=\"wp-block-image size-large is-resized\"><img loading=\"lazy\" decoding=\"async\" src=\"https:\/\/www.moinreise.de\/wp-content\/uploads\/2020\/03\/IMG_E9798_verkleinert-1024x683.jpg\" alt=\"\" class=\"wp-image-424\" width=\"559\" height=\"372\" srcset=\"https:\/\/www.moinreise.de\/wp-content\/uploads\/2020\/03\/IMG_E9798_verkleinert-1024x683.jpg 1024w, https:\/\/www.moinreise.de\/wp-content\/uploads\/2020\/03\/IMG_E9798_verkleinert-300x200.jpg 300w, https:\/\/www.moinreise.de\/wp-content\/uploads\/2020\/03\/IMG_E9798_verkleinert-768x513.jpg 768w, https:\/\/www.moinreise.de\/wp-content\/uploads\/2020\/03\/IMG_E9798_verkleinert-1536x1025.jpg 1536w, https:\/\/www.moinreise.de\/wp-content\/uploads\/2020\/03\/IMG_E9798_verkleinert.jpg 2002w\" sizes=\"auto, (max-width: 559px) 100vw, 559px\" \/><figcaption class=\"wp-element-caption\"><strong>Grenzgang zwischen Panam\u00e1 und Costa Rica<\/strong><\/figcaption><\/figure>\n\n\n\n<p>In Cocles blieben wir f\u00fcr sechs N\u00e4chte in einer neuen kleinen Caba\u00f1a von Ariane und J\u00fcrgen &#8211; mal wieder deutsche Auswanderer, die sich jetzt in Costa Rica niedergelassen haben. Lustig war, dass J\u00fcrgen 20 Jahre in Bremen gelebt hat und dort eine Kneipe in der Schwachhauser Heerstra\u00dfe namens \u201eSowieso\u201c f\u00fchrte. Kennt die einer? Nun vermieteten die beiden ihre Caba\u00f1as, haben ein kleines Restaurant und ein Yoga- und Meditationszentrum. Davon gab es mehrere in dieser Gegend.<\/p>\n\n\n\n<figure class=\"wp-block-image size-large\"><img loading=\"lazy\" decoding=\"async\" width=\"1024\" height=\"456\" src=\"https:\/\/www.moinreise.de\/wp-content\/uploads\/2020\/03\/IMG_E9848_verkleinert-1024x456.jpg\" alt=\"\" class=\"wp-image-425\" srcset=\"https:\/\/www.moinreise.de\/wp-content\/uploads\/2020\/03\/IMG_E9848_verkleinert-1024x456.jpg 1024w, https:\/\/www.moinreise.de\/wp-content\/uploads\/2020\/03\/IMG_E9848_verkleinert-300x134.jpg 300w, https:\/\/www.moinreise.de\/wp-content\/uploads\/2020\/03\/IMG_E9848_verkleinert-768x342.jpg 768w, https:\/\/www.moinreise.de\/wp-content\/uploads\/2020\/03\/IMG_E9848_verkleinert-1536x684.jpg 1536w, https:\/\/www.moinreise.de\/wp-content\/uploads\/2020\/03\/IMG_E9848_verkleinert-2048x912.jpg 2048w\" sizes=\"auto, (max-width: 1024px) 100vw, 1024px\" \/><figcaption class=\"wp-element-caption\"><strong>Die mittlere Caba\u00f1a bewohnten wir f\u00fcr sechs N\u00e4chte<\/strong><\/figcaption><\/figure>\n\n\n\n<p>Unsere Caba\u00f1a lag zehn Minuten zu Fu\u00df vom Wasser entfernt quasi mitten im Dschungel. Hinter unserem Haus waren zwei gro\u00dfe Affenb\u00e4ume, in denen regelm\u00e4\u00dfig eine elfk\u00f6pfige Br\u00fcllaffenfamilie abhing. Sobald dem Familienoberhaupt irgendetwas nicht passte, zum Beispiel ein LKW auf der Schotterstra\u00dfe zu viel L\u00e4rm verursachte, fing er aus vollem Herzen an zu schreien. Das tat er auch gerne mal morgens um 5 Uhr und wir waren dann nat\u00fcrlich hellwach. Lustig war, dass die Kanadier in der Caba\u00f1a nebenan uns gleich am ersten Tag erz\u00e4hlten da w\u00e4re ein Hund, der w\u00fcrde zwischendurch immer wieder ganz grausam bellen. Als das &#8222;Bellen&#8220; das n\u00e4chste Mal kam und sie uns dar\u00fcber in Kenntnis setzten, dass das der Hund sei, kl\u00e4rten wir sie erst einmal auf, dass das die Affen dort oben im Baum sind, die sie bis dato noch gar nicht wahrgenommen hatten und sich dann tierisch \u00fcber die Affenbande freuten. Die Kanadier wollten eigentlich nach Thailand fliegen, da ihr Flug aber \u00fcber China gegangen w\u00e4re und dieser aufgrund des Coronavirus gecancelt wurde, hatten sie sich kurzfristig dazu entschieden nach Costa Rica zu fliegen. In S\u00fcd- bzw. Zentralamerika gab es bis dahin immer noch keinen Coronavirus Fall. Ein Gl\u00fcck!<\/p>\n\n\n\n<figure class=\"wp-block-image size-large is-resized\"><img loading=\"lazy\" decoding=\"async\" src=\"https:\/\/www.moinreise.de\/wp-content\/uploads\/2020\/03\/IMG_1640_bearbeitet_verkleinert-1024x940.jpg\" alt=\"\" class=\"wp-image-426\" width=\"521\" height=\"478\" srcset=\"https:\/\/www.moinreise.de\/wp-content\/uploads\/2020\/03\/IMG_1640_bearbeitet_verkleinert-1024x940.jpg 1024w, https:\/\/www.moinreise.de\/wp-content\/uploads\/2020\/03\/IMG_1640_bearbeitet_verkleinert-300x275.jpg 300w, https:\/\/www.moinreise.de\/wp-content\/uploads\/2020\/03\/IMG_1640_bearbeitet_verkleinert-768x705.jpg 768w, https:\/\/www.moinreise.de\/wp-content\/uploads\/2020\/03\/IMG_1640_bearbeitet_verkleinert-1536x1410.jpg 1536w, https:\/\/www.moinreise.de\/wp-content\/uploads\/2020\/03\/IMG_1640_bearbeitet_verkleinert-2048x1880.jpg 2048w\" sizes=\"auto, (max-width: 521px) 100vw, 521px\" \/><figcaption class=\"wp-element-caption\"><strong>Br\u00fcllaffe beim Abh\u00e4ngen<\/strong><\/figcaption><\/figure>\n\n\n<div class=\"wp-block-image\">\n<figure class=\"alignright is-resized\"><img loading=\"lazy\" decoding=\"async\" src=\"https:\/\/www.moinreise.de\/wp-content\/uploads\/2020\/03\/IMG_E9802_verkleinert-768x1024.jpg\" alt=\"\" class=\"wp-image-428\" width=\"287\" height=\"383\" srcset=\"https:\/\/www.moinreise.de\/wp-content\/uploads\/2020\/03\/IMG_E9802_verkleinert-768x1024.jpg 768w, https:\/\/www.moinreise.de\/wp-content\/uploads\/2020\/03\/IMG_E9802_verkleinert-225x300.jpg 225w, https:\/\/www.moinreise.de\/wp-content\/uploads\/2020\/03\/IMG_E9802_verkleinert-1152x1536.jpg 1152w, https:\/\/www.moinreise.de\/wp-content\/uploads\/2020\/03\/IMG_E9802_verkleinert.jpg 1512w\" sizes=\"auto, (max-width: 287px) 100vw, 287px\" \/><figcaption class=\"wp-element-caption\"><strong>Heuschreckenf\u00e4nger Tobi<\/strong><\/figcaption><\/figure><\/div>\n\n\n<p>In Cocles fuhren wir wieder mit dem Fahrrad, gingen zum Strand, obwohl auch hier der Wasserstand sehr hoch war, und genossen die Zeit auf unserer Terrasse. Wir versuchten sowieso immer so viel wie m\u00f6glich drau\u00dfen zu sein auf unserer Reise &#8211; drau\u00dfen sitzen, essen, arbeiten. Das ging zu Hause in Deutschland ja so selten. In dieser Caba\u00f1a waren wir quasi gezwungen immer an der frischen Luft zu sein, da sie unter dem Dach komplett offen war\u2026 Hier fehlten die Netze an den Seiten des Hauses, damit Insekten drau\u00dfen blieben. Am Anfang fand ich das \u00fcberhaupt gar nicht lustig, nachdem ich die handgro\u00dfen Spinnen gesehen habe, die rund um das Haus ihre riesigen Netze gebaut hatten. Tobi entfernte diese mit einem Stock &#8211; am n\u00e4chsten Tag waren sie teilweise aber wieder da\u2026 nagut, dann bleiben sie eben, die fressen wenigstens die M\u00fccken! Und von diesen gro\u00dfen Spinnen hatten wir auch gl\u00fccklicherweise zu keinem Zeitpunkt eine im Haus. Was wir allerdings im Haus hatten war eine riesengro\u00dfe Heuschrecke. Die wohnte in unserem Dachstuhl\u2026 Wenn man Tieren Namen gab, kam man besser mit ihnen zurecht, also hie\u00df die Heuschrecke ab heute Heiko. Und ich war so froh, dass wir ein gro\u00dfes Moskitonetz um unser Bett hatten. Nachts konnte auf jeden Fall nichts Krabbeliges auf meinem Gesicht landen \ud83d\ude42 Man gew\u00f6hnt sich an alles!<\/p>\n\n\n\n<figure class=\"wp-block-image size-large is-resized\"><img loading=\"lazy\" decoding=\"async\" src=\"https:\/\/www.moinreise.de\/wp-content\/uploads\/2020\/03\/IMG_E0220_verkleinert-1-1024x639.jpg\" alt=\"\" class=\"wp-image-429\" width=\"489\" height=\"304\" srcset=\"https:\/\/www.moinreise.de\/wp-content\/uploads\/2020\/03\/IMG_E0220_verkleinert-1-1024x639.jpg 1024w, https:\/\/www.moinreise.de\/wp-content\/uploads\/2020\/03\/IMG_E0220_verkleinert-1-300x187.jpg 300w, https:\/\/www.moinreise.de\/wp-content\/uploads\/2020\/03\/IMG_E0220_verkleinert-1-768x479.jpg 768w, https:\/\/www.moinreise.de\/wp-content\/uploads\/2020\/03\/IMG_E0220_verkleinert-1.jpg 1250w\" sizes=\"auto, (max-width: 489px) 100vw, 489px\" \/><figcaption class=\"wp-element-caption\"><strong>Die h\u00fcbsche handgro\u00dfe Heuschrecke Heiko<\/strong><\/figcaption><\/figure>\n\n\n\n<p>Was wir noch so im Garten hatten waren unz\u00e4hlige V\u00f6gel, darunter gr\u00fcne Papageien, die sich hoch oben in den B\u00e4umen mit den Tukanen stritten und wir hatten Gl\u00fchw\u00fcrmchen! Wie cool \u2013 aber die sehen gar nicht aus wie W\u00fcrmchen, sondern eher wie gro\u00dfe K\u00e4fer, so Maik\u00e4fer\u00e4hnlich\u2026 Naja, wenigstens leuchteten sie nachts in den B\u00e4umen \u2013 wie sch\u00f6n!<\/p>\n\n\n\n<figure class=\"wp-block-image size-large is-resized\"><img loading=\"lazy\" decoding=\"async\" src=\"https:\/\/www.moinreise.de\/wp-content\/uploads\/2020\/03\/IMG_1698_bearbeitet_verkleinert-1024x813.jpg\" alt=\"\" class=\"wp-image-430\" width=\"527\" height=\"418\" srcset=\"https:\/\/www.moinreise.de\/wp-content\/uploads\/2020\/03\/IMG_1698_bearbeitet_verkleinert-1024x813.jpg 1024w, https:\/\/www.moinreise.de\/wp-content\/uploads\/2020\/03\/IMG_1698_bearbeitet_verkleinert-300x238.jpg 300w, https:\/\/www.moinreise.de\/wp-content\/uploads\/2020\/03\/IMG_1698_bearbeitet_verkleinert-768x610.jpg 768w, https:\/\/www.moinreise.de\/wp-content\/uploads\/2020\/03\/IMG_1698_bearbeitet_verkleinert.jpg 1221w\" sizes=\"auto, (max-width: 527px) 100vw, 527px\" \/><figcaption class=\"wp-element-caption\"><strong>Tukan hoch oben in der Baumkrone in unserem Garten<\/strong><\/figcaption><\/figure>\n\n\n<div class=\"wp-block-image\">\n<figure class=\"alignleft size-large is-resized\"><img loading=\"lazy\" decoding=\"async\" src=\"https:\/\/www.moinreise.de\/wp-content\/uploads\/2020\/03\/IMG_E1394_verkleinert-467x1024.jpg\" alt=\"\" class=\"wp-image-431\" width=\"162\" height=\"355\" srcset=\"https:\/\/www.moinreise.de\/wp-content\/uploads\/2020\/03\/IMG_E1394_verkleinert-467x1024.jpg 467w, https:\/\/www.moinreise.de\/wp-content\/uploads\/2020\/03\/IMG_E1394_verkleinert-137x300.jpg 137w, https:\/\/www.moinreise.de\/wp-content\/uploads\/2020\/03\/IMG_E1394_verkleinert-768x1682.jpg 768w, https:\/\/www.moinreise.de\/wp-content\/uploads\/2020\/03\/IMG_E1394_verkleinert-701x1536.jpg 701w, https:\/\/www.moinreise.de\/wp-content\/uploads\/2020\/03\/IMG_E1394_verkleinert.jpg 892w\" sizes=\"auto, (max-width: 162px) 100vw, 162px\" \/><figcaption class=\"wp-element-caption\"><strong>Tobis Deutschlandtrikot ist wieder da \ud83d\ude42<\/strong><\/figcaption><\/figure><\/div>\n\n\n<p>Wer sich schon einmal gefragt hat wie wir das eigentlich mit unserer W\u00e4sche so machen, das geht erstaunlicherweise wunderbar. Wir haben bisher zum Gro\u00dfteil die M\u00f6glichkeit sogar umsonst in den Unterk\u00fcnften selber zu waschen oder die Unterkunft, in der wir \u00fcbernachten, bietet einen Laundry Service (W\u00e4scherei Service) gegen eine Geb\u00fchr an. Dann geben wir die W\u00e4sche einfach morgens ab und bekommen sie abends getrocknet und sauber gefaltet zur\u00fcck. Dann gibt es noch Variante Nummer drei, dass es in der Unterkunft keine M\u00f6glichkeit gibt die W\u00e4sche zu waschen, und wir extern eine W\u00e4scherei suchen. Das mussten wir in den ersten drei Monaten auf unserer Reise aber erst zum zweiten Mal hier und jetzt in Cocles. Wir fuhren also mit unseren R\u00e4dern los und fanden einen kleinen Familienbetrieb. Von vorherigen Reisen haben wir uns angew\u00f6hnt immer aufzuschreiben wie viele Sachen wir abgeben, damit wir uns hinterher auch sicher sein k\u00f6nnen, dass alles wieder da ist. Tobi hatte schon ein komisches Gef\u00fchl sein Deutschlandtrikot in die W\u00e4scherei zu geben, das er zum Sport treiben, aber auch f\u00fcr die Olympischen Spiele in Tokio eingepackt hatte. Und wir mussten nat\u00fcrlich feststellen, dass genau dieses nicht mehr da war, als wir abends die saubere W\u00e4sche wieder auspackten. Am n\u00e4chsten Tag fuhren wir also wieder zu der Familie und sie wussten gleich warum wir wieder da waren \u2013 das Deutschlandtrikot! Da war es und wir hatten es wieder! Wir haben ja die Theorie, dass das eine Masche sein k\u00f6nnte: sie behalten etwas und vielen Leuten f\u00e4llt es vielleicht erst auf dass etwas fehlt, wenn sie schon weitergereist sind\u2026 und wenn es jemandem doch vorher auff\u00e4llt und wieder hinf\u00e4hrt, huch, dann war es eben ein Versehen und man erh\u00e4lt sein Kleidungsst\u00fcck nat\u00fcrlich zur\u00fcck\u2026 So kommen die W\u00e4schereimitarbeiter auch an neue Kleidung. Tobi war zumindest sehr froh, dass er sein Trikot wieder hatte und wird es jetzt nur noch selber waschen. \ud83d\ude42<\/p>\n\n\n\n<p>An einem Tag haben wir noch einen Tagesausflug in den Cahuita Nationalpark gemacht. Dort haben wir uns f\u00fcr eineinhalb Stunden einen Guide genommen, mit dem wir dann zusammen mit seinem Fernrohr durch den Park gezogen sind. Mit seiner Hilfe sahen wir viele kleinere Tiere: Jesus Christus Eidechsen, Schlangen, schlafende Flederm\u00e4use und Termiten.<\/p>\n\n\n\n<figure class=\"wp-block-image size-large is-resized\"><img loading=\"lazy\" decoding=\"async\" src=\"https:\/\/www.moinreise.de\/wp-content\/uploads\/2020\/03\/IMG_1554_bearbeitet_verkleinert-1024x460.jpg\" alt=\"\" class=\"wp-image-432\" width=\"557\" height=\"250\" srcset=\"https:\/\/www.moinreise.de\/wp-content\/uploads\/2020\/03\/IMG_1554_bearbeitet_verkleinert-1024x460.jpg 1024w, https:\/\/www.moinreise.de\/wp-content\/uploads\/2020\/03\/IMG_1554_bearbeitet_verkleinert-300x135.jpg 300w, https:\/\/www.moinreise.de\/wp-content\/uploads\/2020\/03\/IMG_1554_bearbeitet_verkleinert-768x345.jpg 768w, https:\/\/www.moinreise.de\/wp-content\/uploads\/2020\/03\/IMG_1554_bearbeitet_verkleinert-1536x690.jpg 1536w, https:\/\/www.moinreise.de\/wp-content\/uploads\/2020\/03\/IMG_1554_bearbeitet_verkleinert-2048x920.jpg 2048w\" sizes=\"auto, (max-width: 557px) 100vw, 557px\" \/><figcaption class=\"wp-element-caption\"><strong>Jesus Christus Eidechse<\/strong><\/figcaption><\/figure>\n\n\n\n<p>Zudem sahen wir gro\u00dfe Leguane auf den B\u00e4umen, die nochmal gr\u00f6\u00dfer waren als die auf den Gal\u00e1pagosinseln, Kapuziner- und Br\u00fcllaffen und die kleinen frechen Waschb\u00e4ren, die bei den Besuchern des Parks um etwas Essbares bettelten. Und wir haben nat\u00fcrlich auch Osos Perezosos, die f\u00fcr Costa Rica so bekannten Faultiere gesehen. Faultiere halten sich allerdings ganz oben in den B\u00e4umen auf und schlafen eigentlich tags\u00fcber immer. Trotzdem konnten wir ein paar zusammengerollte Faultiere sehen. Einen Abend sahen wir auch eines an der Hauptstra\u00dfe in Cocles in den B\u00e4umen herumklettern, aber da hatten wir leider unsere Kamera mit dem gro\u00dfen Objektiv nicht dabei.<\/p>\n\n\n\n<figure class=\"wp-block-gallery has-nested-images columns-default is-cropped wp-block-gallery-1 is-layout-flex wp-block-gallery-is-layout-flex\">\n<figure class=\"wp-block-image size-large\"><img loading=\"lazy\" decoding=\"async\" width=\"1024\" height=\"825\" data-id=\"433\" src=\"https:\/\/www.moinreise.de\/wp-content\/uploads\/2020\/03\/IMG_E9906_verkleinert-1024x825.jpg\" alt=\"\" class=\"wp-image-433\" srcset=\"https:\/\/www.moinreise.de\/wp-content\/uploads\/2020\/03\/IMG_E9906_verkleinert-1024x825.jpg 1024w, https:\/\/www.moinreise.de\/wp-content\/uploads\/2020\/03\/IMG_E9906_verkleinert-300x242.jpg 300w, https:\/\/www.moinreise.de\/wp-content\/uploads\/2020\/03\/IMG_E9906_verkleinert-768x619.jpg 768w, https:\/\/www.moinreise.de\/wp-content\/uploads\/2020\/03\/IMG_E9906_verkleinert-1536x1238.jpg 1536w, https:\/\/www.moinreise.de\/wp-content\/uploads\/2020\/03\/IMG_E9906_verkleinert.jpg 1876w\" sizes=\"auto, (max-width: 1024px) 100vw, 1024px\" \/><figcaption class=\"wp-element-caption\">Faultierchen<\/figcaption><\/figure>\n\n\n\n<figure class=\"wp-block-image size-large\"><img loading=\"lazy\" decoding=\"async\" width=\"902\" height=\"1007\" data-id=\"434\" src=\"https:\/\/www.moinreise.de\/wp-content\/uploads\/2020\/03\/IMG_E9938_verkleinert.jpg\" alt=\"\" class=\"wp-image-434\" srcset=\"https:\/\/www.moinreise.de\/wp-content\/uploads\/2020\/03\/IMG_E9938_verkleinert.jpg 902w, https:\/\/www.moinreise.de\/wp-content\/uploads\/2020\/03\/IMG_E9938_verkleinert-269x300.jpg 269w, https:\/\/www.moinreise.de\/wp-content\/uploads\/2020\/03\/IMG_E9938_verkleinert-768x857.jpg 768w\" sizes=\"auto, (max-width: 902px) 100vw, 902px\" \/><figcaption class=\"wp-element-caption\">Waschb\u00e4rchen<\/figcaption><\/figure>\n<\/figure>\n\n\n\n<p><\/p>\n\n\n\n<figure class=\"wp-block-image size-large is-resized\"><img loading=\"lazy\" decoding=\"async\" src=\"https:\/\/www.moinreise.de\/wp-content\/uploads\/2020\/03\/IMG_E9926_verkleinert-1024x768.jpg\" alt=\"\" class=\"wp-image-435\" width=\"572\" height=\"429\" srcset=\"https:\/\/www.moinreise.de\/wp-content\/uploads\/2020\/03\/IMG_E9926_verkleinert-1024x768.jpg 1024w, https:\/\/www.moinreise.de\/wp-content\/uploads\/2020\/03\/IMG_E9926_verkleinert-300x225.jpg 300w, https:\/\/www.moinreise.de\/wp-content\/uploads\/2020\/03\/IMG_E9926_verkleinert-768x576.jpg 768w, https:\/\/www.moinreise.de\/wp-content\/uploads\/2020\/03\/IMG_E9926_verkleinert-1536x1152.jpg 1536w, https:\/\/www.moinreise.de\/wp-content\/uploads\/2020\/03\/IMG_E9926_verkleinert-120x90.jpg 120w, https:\/\/www.moinreise.de\/wp-content\/uploads\/2020\/03\/IMG_E9926_verkleinert.jpg 1867w\" sizes=\"auto, (max-width: 572px) 100vw, 572px\" \/><figcaption class=\"wp-element-caption\"><strong>Cahuita Nationalpark: Strand, &#8230;<\/strong><\/figcaption><\/figure>\n\n\n\n<figure class=\"wp-block-image size-large is-resized\"><img loading=\"lazy\" decoding=\"async\" src=\"https:\/\/www.moinreise.de\/wp-content\/uploads\/2020\/03\/IMG_E9912_verkleinert-1024x555.jpg\" alt=\"\" class=\"wp-image-436\" width=\"569\" height=\"308\" srcset=\"https:\/\/www.moinreise.de\/wp-content\/uploads\/2020\/03\/IMG_E9912_verkleinert-1024x555.jpg 1024w, https:\/\/www.moinreise.de\/wp-content\/uploads\/2020\/03\/IMG_E9912_verkleinert-300x163.jpg 300w, https:\/\/www.moinreise.de\/wp-content\/uploads\/2020\/03\/IMG_E9912_verkleinert-768x416.jpg 768w, https:\/\/www.moinreise.de\/wp-content\/uploads\/2020\/03\/IMG_E9912_verkleinert-1536x833.jpg 1536w, https:\/\/www.moinreise.de\/wp-content\/uploads\/2020\/03\/IMG_E9912_verkleinert-2048x1111.jpg 2048w\" sizes=\"auto, (max-width: 569px) 100vw, 569px\" \/><figcaption class=\"wp-element-caption\"><strong>&#8230; Sumpf und Dschungel<\/strong><\/figcaption><\/figure>\n\n\n\n<p>Von Cocles aus planten wir zudem unsere Reise weiter und entschieden uns aufgrund der hohen Preise nicht nach Hawaii zu fliegen, die deutlich \u00fcber denen auf den Gal\u00e1pagosinseln lagen, sondern stattdessen mit dem Mietwagen Kalifornien zu bereisen. Unser neuer Plan: nach San Francisco fliegen und von dort nach Los Angeles (LA) auf dem K\u00fcstenhighway Number 1 zu reisen und dann von LA aus auf die Cookinseln zu fliegen. Von Hawaii aus war es zudem gar nicht m\u00f6glich auf die Cookinseln zu kommen, da w\u00e4ren wir dann wahrscheinlich noch nach Fiji oder Samoa geflogen, aber wir wollten sooo gerne auf die Cookinseln. Also passte es uns sehr gut, dass wir Hawaii bei genauerer Betrachtung zu teuer empfanden. Der neue Plan stand fest: Kalifornien und die Cookinseln und wir buchten die Fl\u00fcge!<\/p>\n\n\n\n<p><strong>Eindr\u00fccke von der Umgebung rund um Cocles:<\/strong><\/p>\n\n\n\n<figure class=\"wp-block-image size-large is-resized\"><img loading=\"lazy\" decoding=\"async\" src=\"https:\/\/www.moinreise.de\/wp-content\/uploads\/2020\/03\/IMG_E9975_verkleinert-1024x759.jpg\" alt=\"\" class=\"wp-image-437\" width=\"571\" height=\"422\" srcset=\"https:\/\/www.moinreise.de\/wp-content\/uploads\/2020\/03\/IMG_E9975_verkleinert-1024x759.jpg 1024w, https:\/\/www.moinreise.de\/wp-content\/uploads\/2020\/03\/IMG_E9975_verkleinert-300x222.jpg 300w, https:\/\/www.moinreise.de\/wp-content\/uploads\/2020\/03\/IMG_E9975_verkleinert-768x569.jpg 768w, https:\/\/www.moinreise.de\/wp-content\/uploads\/2020\/03\/IMG_E9975_verkleinert-1536x1139.jpg 1536w, https:\/\/www.moinreise.de\/wp-content\/uploads\/2020\/03\/IMG_E9975_verkleinert-120x90.jpg 120w, https:\/\/www.moinreise.de\/wp-content\/uploads\/2020\/03\/IMG_E9975_verkleinert.jpg 1879w\" sizes=\"auto, (max-width: 571px) 100vw, 571px\" \/><figcaption class=\"wp-element-caption\"><strong>Surferstrand Cocles <\/strong><\/figcaption><\/figure>\n\n\n\n<figure class=\"wp-block-image size-large is-resized\"><img loading=\"lazy\" decoding=\"async\" src=\"https:\/\/www.moinreise.de\/wp-content\/uploads\/2020\/03\/IMG_E9985_verkleinert-1024x768.jpg\" alt=\"\" class=\"wp-image-438\" width=\"567\" height=\"425\" srcset=\"https:\/\/www.moinreise.de\/wp-content\/uploads\/2020\/03\/IMG_E9985_verkleinert-1024x768.jpg 1024w, https:\/\/www.moinreise.de\/wp-content\/uploads\/2020\/03\/IMG_E9985_verkleinert-300x225.jpg 300w, https:\/\/www.moinreise.de\/wp-content\/uploads\/2020\/03\/IMG_E9985_verkleinert-768x576.jpg 768w, https:\/\/www.moinreise.de\/wp-content\/uploads\/2020\/03\/IMG_E9985_verkleinert-1536x1152.jpg 1536w, https:\/\/www.moinreise.de\/wp-content\/uploads\/2020\/03\/IMG_E9985_verkleinert-120x90.jpg 120w, https:\/\/www.moinreise.de\/wp-content\/uploads\/2020\/03\/IMG_E9985_verkleinert.jpg 1976w\" sizes=\"auto, (max-width: 567px) 100vw, 567px\" \/><figcaption class=\"wp-element-caption\"><strong>Behind or before?<\/strong><\/figcaption><\/figure>\n\n\n\n<figure class=\"wp-block-gallery has-nested-images columns-default is-cropped wp-block-gallery-2 is-layout-flex wp-block-gallery-is-layout-flex\">\n<figure class=\"wp-block-image size-large\"><img loading=\"lazy\" decoding=\"async\" width=\"722\" height=\"1024\" data-id=\"441\" src=\"https:\/\/www.moinreise.de\/wp-content\/uploads\/2020\/03\/IMG_E9866_verkleinert-1-722x1024.jpg\" alt=\"\" class=\"wp-image-441\" srcset=\"https:\/\/www.moinreise.de\/wp-content\/uploads\/2020\/03\/IMG_E9866_verkleinert-1-722x1024.jpg 722w, https:\/\/www.moinreise.de\/wp-content\/uploads\/2020\/03\/IMG_E9866_verkleinert-1-212x300.jpg 212w, https:\/\/www.moinreise.de\/wp-content\/uploads\/2020\/03\/IMG_E9866_verkleinert-1-768x1089.jpg 768w, https:\/\/www.moinreise.de\/wp-content\/uploads\/2020\/03\/IMG_E9866_verkleinert-1-1083x1536.jpg 1083w, https:\/\/www.moinreise.de\/wp-content\/uploads\/2020\/03\/IMG_E9866_verkleinert-1.jpg 1383w\" sizes=\"auto, (max-width: 722px) 100vw, 722px\" \/><\/figure>\n\n\n\n<figure class=\"wp-block-image size-large\"><img loading=\"lazy\" decoding=\"async\" width=\"902\" height=\"1024\" data-id=\"442\" src=\"https:\/\/www.moinreise.de\/wp-content\/uploads\/2020\/03\/IMG_E9972_verkleinert-1-902x1024.jpg\" alt=\"\" class=\"wp-image-442\" srcset=\"https:\/\/www.moinreise.de\/wp-content\/uploads\/2020\/03\/IMG_E9972_verkleinert-1-902x1024.jpg 902w, https:\/\/www.moinreise.de\/wp-content\/uploads\/2020\/03\/IMG_E9972_verkleinert-1-264x300.jpg 264w, https:\/\/www.moinreise.de\/wp-content\/uploads\/2020\/03\/IMG_E9972_verkleinert-1-768x872.jpg 768w, https:\/\/www.moinreise.de\/wp-content\/uploads\/2020\/03\/IMG_E9972_verkleinert-1-1353x1536.jpg 1353w, https:\/\/www.moinreise.de\/wp-content\/uploads\/2020\/03\/IMG_E9972_verkleinert-1.jpg 1447w\" sizes=\"auto, (max-width: 902px) 100vw, 902px\" \/><\/figure>\n<figcaption class=\"blocks-gallery-caption wp-element-caption\"><strong>Puerto Viejo<\/strong><\/figcaption><\/figure>\n\n\n\n<figure class=\"wp-block-image size-large is-resized\"><img loading=\"lazy\" decoding=\"async\" src=\"https:\/\/www.moinreise.de\/wp-content\/uploads\/2020\/03\/IMG_E9828_verkleinert-1024x768.jpg\" alt=\"\" class=\"wp-image-443\" width=\"561\" height=\"421\" srcset=\"https:\/\/www.moinreise.de\/wp-content\/uploads\/2020\/03\/IMG_E9828_verkleinert-1024x768.jpg 1024w, https:\/\/www.moinreise.de\/wp-content\/uploads\/2020\/03\/IMG_E9828_verkleinert-300x225.jpg 300w, https:\/\/www.moinreise.de\/wp-content\/uploads\/2020\/03\/IMG_E9828_verkleinert-768x576.jpg 768w, https:\/\/www.moinreise.de\/wp-content\/uploads\/2020\/03\/IMG_E9828_verkleinert-1536x1152.jpg 1536w, https:\/\/www.moinreise.de\/wp-content\/uploads\/2020\/03\/IMG_E9828_verkleinert-120x90.jpg 120w, https:\/\/www.moinreise.de\/wp-content\/uploads\/2020\/03\/IMG_E9828_verkleinert.jpg 2016w\" sizes=\"auto, (max-width: 561px) 100vw, 561px\" \/><figcaption class=\"wp-element-caption\"><strong>Playa Punta Uva<\/strong><\/figcaption><\/figure>\n\n\n\n<figure class=\"wp-block-image size-large is-resized\"><img loading=\"lazy\" decoding=\"async\" src=\"https:\/\/www.moinreise.de\/wp-content\/uploads\/2020\/03\/IMG_E9993_verkleinert-812x1024.jpg\" alt=\"\" class=\"wp-image-444\" width=\"535\" height=\"674\" srcset=\"https:\/\/www.moinreise.de\/wp-content\/uploads\/2020\/03\/IMG_E9993_verkleinert-812x1024.jpg 812w, https:\/\/www.moinreise.de\/wp-content\/uploads\/2020\/03\/IMG_E9993_verkleinert-238x300.jpg 238w, https:\/\/www.moinreise.de\/wp-content\/uploads\/2020\/03\/IMG_E9993_verkleinert-768x969.jpg 768w, https:\/\/www.moinreise.de\/wp-content\/uploads\/2020\/03\/IMG_E9993_verkleinert-1218x1536.jpg 1218w, https:\/\/www.moinreise.de\/wp-content\/uploads\/2020\/03\/IMG_E9993_verkleinert.jpg 1419w\" sizes=\"auto, (max-width: 535px) 100vw, 535px\" \/><figcaption class=\"wp-element-caption\"><strong>Wir fahren jetzt weiter durch Costa Rica, freut euch schon auf den n\u00e4chsten Beitrag \ud83d\ude42<\/strong><\/figcaption><\/figure>\n\n\n\n<p><\/p>\n","protected":false},"excerpt":{"rendered":"<p>Unsere Reisezeit: Februar 2020 Unsere erste Einreise auf dem Landweg in S\u00fcd- bzw. Zentralamerika hatten wir von Panam\u00e1 nach Costa Rica. Wir fuhren mit einem Bus von Bocas del Toro bzw. Almirante, der Ort am Festland, bis zur Grenze, dort wurden wir herausgelassen, mussten zu einem kleinen H\u00e4uschen gehen und uns den Ausreisestempel holen. Und&hellip;<\/p>\n","protected":false},"author":3,"featured_media":0,"comment_status":"open","ping_status":"open","sticky":false,"template":"","format":"standard","meta":{"_monsterinsights_skip_tracking":false,"_monsterinsights_sitenote_active":false,"_monsterinsights_sitenote_note":"","_monsterinsights_sitenote_category":0,"footnotes":""},"categories":[5],"tags":[],"class_list":["post-423","post","type-post","status-publish","format-standard","hentry","category-suedamerika"],"aioseo_notices":[],"post_mailing_queue_ids":[],"_links":{"self":[{"href":"https:\/\/www.moinreise.de\/index.php\/wp-json\/wp\/v2\/posts\/423","targetHints":{"allow":["GET"]}}],"collection":[{"href":"https:\/\/www.moinreise.de\/index.php\/wp-json\/wp\/v2\/posts"}],"about":[{"href":"https:\/\/www.moinreise.de\/index.php\/wp-json\/wp\/v2\/types\/post"}],"author":[{"embeddable":true,"href":"https:\/\/www.moinreise.de\/index.php\/wp-json\/wp\/v2\/users\/3"}],"replies":[{"embeddable":true,"href":"https:\/\/www.moinreise.de\/index.php\/wp-json\/wp\/v2\/comments?post=423"}],"version-history":[{"count":9,"href":"https:\/\/www.moinreise.de\/index.php\/wp-json\/wp\/v2\/posts\/423\/revisions"}],"predecessor-version":[{"id":1365,"href":"https:\/\/www.moinreise.de\/index.php\/wp-json\/wp\/v2\/posts\/423\/revisions\/1365"}],"wp:attachment":[{"href":"https:\/\/www.moinreise.de\/index.php\/wp-json\/wp\/v2\/media?parent=423"}],"wp:term":[{"taxonomy":"category","embeddable":true,"href":"https:\/\/www.moinreise.de\/index.php\/wp-json\/wp\/v2\/categories?post=423"},{"taxonomy":"post_tag","embeddable":true,"href":"https:\/\/www.moinreise.de\/index.php\/wp-json\/wp\/v2\/tags?post=423"}],"curies":[{"name":"wp","href":"https:\/\/api.w.org\/{rel}","templated":true}]}}