{"id":367,"date":"2020-03-19T06:40:38","date_gmt":"2020-03-19T05:40:38","guid":{"rendered":"https:\/\/www.moinreise.de\/?p=367"},"modified":"2023-07-24T21:40:13","modified_gmt":"2023-07-24T19:40:13","slug":"13-oh-wie-schoen-ist-panama","status":"publish","type":"post","link":"https:\/\/www.moinreise.de\/index.php\/2020\/03\/19\/13-oh-wie-schoen-ist-panama\/","title":{"rendered":"#13 Oh, wie sch\u00f6n ist Panam\u00e1?!"},"content":{"rendered":"\n<p class=\"has-medium-font-size\">Unsere Reisezeit: Januar \/ Februar 2020<\/p>\n\n\n\n<p>Ist Panam\u00e1 wirklich so sch\u00f6n, wie von Janoschs Tigerente und\ndem kleinen B\u00e4ren beschrieben? Das wollten wir herausfinden und wir machten uns\nauf den Weg dorthin.<\/p>\n\n\n\n<p>Die Grenze zwischen Kolumbien und Panam\u00e1 auf dem Landweg zu passieren, sollte allerdings vermieden werden, weil es keine Stra\u00dfe gibt, die die beiden L\u00e4nder verbindet. Die Landesgrenze f\u00fchrt durch das ehemalige FARC-Guerilla Gebiet und ist tiefster Dschungel. Die Panamericana, die l\u00e4ngste Stra\u00dfe der Welt, die von Alaska bis nach Feuerland \u00fcber den ganzen amerikanischen Kontinent f\u00fchrt, ist an dieser Stelle unterbrochen. 50 Jahre lang hat die FARC gegen die kolumbianische Regierung eine bewaffnete Auseinandersetzung gef\u00fchrt, bis 2016\/2017 ein Friedensvertrag unterzeichnet und eine vollst\u00e4ndige Entwaffnung der Guerillagruppe abgeschlossen wurde. Es ist allerdings immer noch ratsam nur auf dem See- oder Luftweg nach Panam\u00e1 einzureisen und so haben wir uns dazu entschieden die Flugverbindung von Cartagena nach Panam\u00e1-Stadt zu nehmen. <\/p>\n\n\n\n<figure class=\"wp-block-image size-large is-resized\"><img loading=\"lazy\" decoding=\"async\" src=\"https:\/\/www.moinreise.de\/wp-content\/uploads\/2020\/03\/IMG_E9256_verkleinert-1024x742.jpg\" alt=\"\" class=\"wp-image-368\" width=\"458\" height=\"332\" srcset=\"https:\/\/www.moinreise.de\/wp-content\/uploads\/2020\/03\/IMG_E9256_verkleinert-1024x742.jpg 1024w, https:\/\/www.moinreise.de\/wp-content\/uploads\/2020\/03\/IMG_E9256_verkleinert-300x217.jpg 300w, https:\/\/www.moinreise.de\/wp-content\/uploads\/2020\/03\/IMG_E9256_verkleinert-768x556.jpg 768w, https:\/\/www.moinreise.de\/wp-content\/uploads\/2020\/03\/IMG_E9256_verkleinert-1536x1113.jpg 1536w, https:\/\/www.moinreise.de\/wp-content\/uploads\/2020\/03\/IMG_E9256_verkleinert.jpg 1960w\" sizes=\"auto, (max-width: 458px) 100vw, 458px\" \/><figcaption class=\"wp-element-caption\"><strong>Mit Wingo von Cartagena nach Panam\u00e1<\/strong><\/figcaption><\/figure>\n\n\n\n<p>Am Flughafenschalter bereit zur Abreise angekommen, werden wir nach einem Flug- oder Busticket f\u00fcr die Ausreise aus Panam\u00e1 gefragt. Das hatten wir im Vorfeld auch gelesen, dass mit dieser Frage zu rechnen ist und wir waren vorbereitet und z\u00fcckten das Flugticket f\u00fcr den Weiterflug von San Jos\u00e9 in Costa Rica nach Guatemala-Stadt. Wir wollten n\u00e4mlich von Panam\u00e1 nach Costa Rica mit dem Bus reisen, wussten zu diesem Zeitpunkt aber noch gar nicht wann genau wir dies tun werden. Unser gesunder Menschenverstand sagte uns, dass das ja wohl als Ausreise aus Panam\u00e1 zu verstehen ist, wenn wir ein Weiterreiseticket von Costa Rica aus haben. Wir m\u00fcssen in diesem Fall ja logischerweise vorher aus Panam\u00e1 ausreisen. Leider war das anscheinend nur f\u00fcr uns logisch. Der Sachbearbeiter der Billigfluggesellschaft Wingo wollte unser Flugticket zur Ausreise aus Costa Rica nicht akzeptieren. Wir versuchten noch einmal unsere Sichtweise zu erkl\u00e4ren, aber unsere Argumentation hat nichts gen\u00fctzt und er blieb bei dem Standpunkt, dass er ein Ausreiseticket f\u00fcr Panam\u00e1 sehen m\u00f6chte. Und nun? Und nun bat er uns ein Busticket f\u00fcr die Ausreise mit festem Datum zu buchen &#8211; WiFi w\u00fcrde es \u201eda vorne\u201c geben und zeigte irgendwo in die Flughafenhalle. Andernfalls k\u00f6nnten wir nicht mitfliegen\u2026 Gestresst eilten wir mit Sack und Pack zu dem gezeigten Punkt und versuchten ins Internet zu kommen. Die Internetverbindung war nicht die schnellste, ehrlich gesagt war sie sogar ziemlich grottig. Nach 15 Minuten konnten wir uns dann auch Gott sei Dank irgendwie ins freie WLAN einw\u00e4hlen. Aber wann und von welchem Ort aus wollen wir denn nun eigentlich nach Costa Rica reisen? Diese Frage hatten wir f\u00fcr uns wie gesagt noch nicht abschlie\u00dfend gekl\u00e4rt. Nun sollten wir in so einer Situation eine passende Busverbindung eines Unternehmens finden, das auch noch eine Online-Reservierung erm\u00f6glicht UND ein elektronisches Ticket ausstellt UND dies nat\u00fcrlich auch noch sofort per E-Mail zustellt. In Deutschland kein Problem, aber in Lateinamerika? Nach weiteren 15 Minuten planlosem herumsurfen im Netz haben wir uns entschieden ein so genanntes Fake-Flugticket zu erwerben. Tobi hatte diese M\u00f6glichkeit schon in einigen Traveller-Blogs gelesen. Es gibt Onlineanbieter, die ein personalisiertes Fake-Flugticket f\u00fcr einen Flug ausstellen, den es wirklich gibt. Das Ticket ist f\u00fcr 24 oder 48 Stunden g\u00fcltig (je nach Tarif) und der Service kostet nur wenige US$. Tobi buchte f\u00fcr uns also ein Fake-Flugticket, wir bezahlten insgesamt 24 US$ \u00fcber PayPal und nur wenige Sekunden sp\u00e4ter hatten wir ein gef\u00e4lschtes Flugticket von Panam\u00e1-Stadt \u00fcber Denver (USA) nach San Jos\u00e9 in Costa Rica. So eine Flugverbindung w\u00fcrden wir eigentlich nicht buchen, aber egal &#8211; Bingo! Mit dem gef\u00e4lschten Flugticket gingen wir wieder zum Schalter und legten dies dem Airline-Angestellten vor. Der war nun Gott sei Dank zufrieden, merkte den Schwindel nicht und wir wurden als letzte G\u00e4ste f\u00fcr den Flug nach Panam\u00e1-Stadt eingecheckt. Warum denn bitte nicht gleich so! Das Fake-Flugticket hat uns an diesem Morgen tats\u00e4chlich den Hintern gerettet. Was f\u00fcr ein aufregender Tagesbeginn!<\/p>\n\n\n\n<p>In Panam\u00e1-Stadt angekommen, mussten sich erst einmal alle Personen, die noch einen Koffer erwarteten, auf die eine Seite des einzigen Gep\u00e4ckbandes stellen und warten. Wir konnten beobachten wie ein Drogensp\u00fcrhund das Gep\u00e4ck begutachtete. Das war nicht das erste Mal auf unserer Reise: Die Polizei, gerade an den Flugh\u00e4fen, war oft mit Hunden unterwegs. Diesmal kamen wir uns aber etwas bl\u00f6d vor, weil wir da so aufgereiht stehen und warten mussten. Anscheinend hatte aber niemand versucht Drogen aus Kolumbien einzuf\u00fchren &#8211; wie langweilig &#8211; und wir durften jeder unser Gep\u00e4ck in Empfang nehmen. \ud83d\ude42 Wir fuhren dann mit einem Taxi Compartido, welches wir uns mit einem anderen P\u00e4rchen teilten, nach Panam\u00e1-Stadt, von den Einwohnern \u00fcbriges kurz Panam\u00e1 genannt. Hier wohnten wir bei Diana und Alexander im Stadtteil \u201eEl Cangrejo\u201c. Dies ist einer der besseren Wohngegenden der Stadt. Wir wohnten hier in der 12. Etage mit Blick auf Panam\u00e1s Skyline.<\/p>\n\n\n\n<figure class=\"wp-block-image size-large is-resized\"><img loading=\"lazy\" decoding=\"async\" src=\"https:\/\/www.moinreise.de\/wp-content\/uploads\/2020\/03\/IMG_E9291_verkleinert-1024x649.jpg\" alt=\"\" class=\"wp-image-369\" width=\"541\" height=\"342\" srcset=\"https:\/\/www.moinreise.de\/wp-content\/uploads\/2020\/03\/IMG_E9291_verkleinert-1024x649.jpg 1024w, https:\/\/www.moinreise.de\/wp-content\/uploads\/2020\/03\/IMG_E9291_verkleinert-300x190.jpg 300w, https:\/\/www.moinreise.de\/wp-content\/uploads\/2020\/03\/IMG_E9291_verkleinert-768x487.jpg 768w, https:\/\/www.moinreise.de\/wp-content\/uploads\/2020\/03\/IMG_E9291_verkleinert-1536x973.jpg 1536w, https:\/\/www.moinreise.de\/wp-content\/uploads\/2020\/03\/IMG_E9291_verkleinert-2048x1298.jpg 2048w\" sizes=\"auto, (max-width: 541px) 100vw, 541px\" \/><figcaption class=\"wp-element-caption\"><strong>LOVE is in the Air<\/strong><\/figcaption><\/figure>\n\n\n\n<p>In Panam\u00e1 guckten wir uns an einem Tag die Altstadt, das Casco Viejo an. In der Altstadt sind die meisten Fassaden der H\u00e4user inzwischen renoviert ohne den alten Charme des Cascos zu verlieren. Es standen daher alte und neu renovierte H\u00e4user nebeneinander. Uns hat dies sehr gut gefallen. &nbsp;Im Anschluss unseres Besuchs des Cascos a\u00dfen wir auf dem um die Ecke liegenden Fischmarkt einen ganzen gegrillten Fisch mit Patacones (gebackener Kochbanane). <\/p>\n\n\n\n<figure class=\"wp-block-image\"><img loading=\"lazy\" decoding=\"async\" width=\"1024\" height=\"537\" src=\"https:\/\/www.moinreise.de\/wp-content\/uploads\/2020\/03\/IMG_E9285_verkleinert-1024x537.jpg\" alt=\"\" class=\"wp-image-372\" srcset=\"https:\/\/www.moinreise.de\/wp-content\/uploads\/2020\/03\/IMG_E9285_verkleinert-1024x537.jpg 1024w, https:\/\/www.moinreise.de\/wp-content\/uploads\/2020\/03\/IMG_E9285_verkleinert-300x157.jpg 300w, https:\/\/www.moinreise.de\/wp-content\/uploads\/2020\/03\/IMG_E9285_verkleinert-768x403.jpg 768w, https:\/\/www.moinreise.de\/wp-content\/uploads\/2020\/03\/IMG_E9285_verkleinert-1536x806.jpg 1536w, https:\/\/www.moinreise.de\/wp-content\/uploads\/2020\/03\/IMG_E9285_verkleinert-2048x1074.jpg 2048w\" sizes=\"auto, (max-width: 1024px) 100vw, 1024px\" \/><figcaption class=\"wp-element-caption\"><strong>Casco Viejo: alt neben neu renoviert<\/strong><\/figcaption><\/figure>\n\n\n\n<figure class=\"wp-block-image is-resized\"><img loading=\"lazy\" decoding=\"async\" src=\"https:\/\/www.moinreise.de\/wp-content\/uploads\/2020\/03\/IMG_E9300_verkleinert-1024x768.jpg\" alt=\"\" class=\"wp-image-371\" width=\"496\" height=\"372\" srcset=\"https:\/\/www.moinreise.de\/wp-content\/uploads\/2020\/03\/IMG_E9300_verkleinert-1024x768.jpg 1024w, https:\/\/www.moinreise.de\/wp-content\/uploads\/2020\/03\/IMG_E9300_verkleinert-300x225.jpg 300w, https:\/\/www.moinreise.de\/wp-content\/uploads\/2020\/03\/IMG_E9300_verkleinert-768x576.jpg 768w, https:\/\/www.moinreise.de\/wp-content\/uploads\/2020\/03\/IMG_E9300_verkleinert-1536x1152.jpg 1536w, https:\/\/www.moinreise.de\/wp-content\/uploads\/2020\/03\/IMG_E9300_verkleinert-120x90.jpg 120w, https:\/\/www.moinreise.de\/wp-content\/uploads\/2020\/03\/IMG_E9300_verkleinert.jpg 2016w\" sizes=\"auto, (max-width: 496px) 100vw, 496px\" \/><figcaption class=\"wp-element-caption\"><strong>Panam\u00e1 kann auch bunt<\/strong><\/figcaption><\/figure>\n\n\n\n<figure class=\"wp-block-image size-large\"><img loading=\"lazy\" decoding=\"async\" width=\"1024\" height=\"646\" src=\"https:\/\/www.moinreise.de\/wp-content\/uploads\/2020\/03\/IMG_E9322_verkleinert-1024x646.jpg\" alt=\"\" class=\"wp-image-374\" srcset=\"https:\/\/www.moinreise.de\/wp-content\/uploads\/2020\/03\/IMG_E9322_verkleinert-1024x646.jpg 1024w, https:\/\/www.moinreise.de\/wp-content\/uploads\/2020\/03\/IMG_E9322_verkleinert-300x189.jpg 300w, https:\/\/www.moinreise.de\/wp-content\/uploads\/2020\/03\/IMG_E9322_verkleinert-768x484.jpg 768w, https:\/\/www.moinreise.de\/wp-content\/uploads\/2020\/03\/IMG_E9322_verkleinert-1536x969.jpg 1536w, https:\/\/www.moinreise.de\/wp-content\/uploads\/2020\/03\/IMG_E9322_verkleinert-2048x1292.jpg 2048w\" sizes=\"auto, (max-width: 1024px) 100vw, 1024px\" \/><figcaption class=\"wp-element-caption\"><strong>Die Fischerboote vor der Skyline Panam\u00e1s<\/strong><\/figcaption><\/figure>\n\n\n\n<figure class=\"wp-block-image is-resized\"><img loading=\"lazy\" decoding=\"async\" src=\"https:\/\/www.moinreise.de\/wp-content\/uploads\/2020\/03\/IMG_E9328_verkleinert-1024x805.jpg\" alt=\"\" class=\"wp-image-373\" width=\"465\" height=\"365\" srcset=\"https:\/\/www.moinreise.de\/wp-content\/uploads\/2020\/03\/IMG_E9328_verkleinert-1024x805.jpg 1024w, https:\/\/www.moinreise.de\/wp-content\/uploads\/2020\/03\/IMG_E9328_verkleinert-300x236.jpg 300w, https:\/\/www.moinreise.de\/wp-content\/uploads\/2020\/03\/IMG_E9328_verkleinert-768x604.jpg 768w, https:\/\/www.moinreise.de\/wp-content\/uploads\/2020\/03\/IMG_E9328_verkleinert-1536x1208.jpg 1536w, https:\/\/www.moinreise.de\/wp-content\/uploads\/2020\/03\/IMG_E9328_verkleinert.jpg 1825w\" sizes=\"auto, (max-width: 465px) 100vw, 465px\" \/><figcaption class=\"wp-element-caption\"><strong>Leckerer gegrillter Fisch mit Patacones<\/strong><\/figcaption><\/figure>\n\n\n\n<p>Am darauffolgenden Tag fuhren wir morgens um 8:00 Uhr zu den Miraflores Locks \u2013 dem Besucherzentrum des legend\u00e4ren Panamakanals, der bekanntesten Abk\u00fcrzung der Welt. Nat\u00fcrlich wollten wir uns anschauen, wie die gro\u00dfen Containerschiffe durch die Schleusen gezogen werden und das war schon ziemlich beeindruckend. Die Schleusenvorg\u00e4nge an den Miraflores Locks wurden fast immer morgens und nachmittags betrieben. Wir konnten daher die Schleusung von drei Schiffen beobachten. Dann kamen erst einmal keine Schiffe mehr aus Richtung des Pazifiks. Die durchgeschleusten Schiffe durften bis zur anderen Seite auf den Kanal bis zur Karibik fahren und dann wurden da erst wieder Schiffe eingeschleust, die anschlie\u00dfend von der Karibikseite bis zum Pazifik durchfahren durften. Diese Schiffe kommen dann erst wieder nachmittags an der Miraflores Schleuse an. Einbahnstra\u00dfenprinzip! <\/p>\n\n\n\n<figure class=\"wp-block-image size-large is-resized\"><img loading=\"lazy\" decoding=\"async\" src=\"https:\/\/www.moinreise.de\/wp-content\/uploads\/2020\/03\/IMG_E9350_verkleinert-1024x708.jpg\" alt=\"\" class=\"wp-image-376\" width=\"538\" height=\"372\" srcset=\"https:\/\/www.moinreise.de\/wp-content\/uploads\/2020\/03\/IMG_E9350_verkleinert-1024x708.jpg 1024w, https:\/\/www.moinreise.de\/wp-content\/uploads\/2020\/03\/IMG_E9350_verkleinert-300x208.jpg 300w, https:\/\/www.moinreise.de\/wp-content\/uploads\/2020\/03\/IMG_E9350_verkleinert-768x531.jpg 768w, https:\/\/www.moinreise.de\/wp-content\/uploads\/2020\/03\/IMG_E9350_verkleinert-1536x1063.jpg 1536w, https:\/\/www.moinreise.de\/wp-content\/uploads\/2020\/03\/IMG_E9350_verkleinert.jpg 1905w\" sizes=\"auto, (max-width: 538px) 100vw, 538px\" \/><figcaption class=\"wp-element-caption\"><strong>Frachtschiff w\u00e4hrend der Schleusung im Panamakanal<\/strong><\/figcaption><\/figure>\n\n\n\n<figure class=\"wp-block-image size-large is-resized\"><img loading=\"lazy\" decoding=\"async\" src=\"https:\/\/www.moinreise.de\/wp-content\/uploads\/2020\/03\/IMG_E9390_verkleinert-1024x590.jpg\" alt=\"\" class=\"wp-image-377\" width=\"539\" height=\"310\" srcset=\"https:\/\/www.moinreise.de\/wp-content\/uploads\/2020\/03\/IMG_E9390_verkleinert-1024x590.jpg 1024w, https:\/\/www.moinreise.de\/wp-content\/uploads\/2020\/03\/IMG_E9390_verkleinert-300x173.jpg 300w, https:\/\/www.moinreise.de\/wp-content\/uploads\/2020\/03\/IMG_E9390_verkleinert-768x442.jpg 768w, https:\/\/www.moinreise.de\/wp-content\/uploads\/2020\/03\/IMG_E9390_verkleinert-1536x884.jpg 1536w, https:\/\/www.moinreise.de\/wp-content\/uploads\/2020\/03\/IMG_E9390_verkleinert.jpg 1975w\" sizes=\"auto, (max-width: 539px) 100vw, 539px\" \/><figcaption class=\"wp-element-caption\"><strong>Der unterschiedliche Wasserstand in der Schleuse<\/strong><\/figcaption><\/figure>\n\n\n\n<p>Wusstest ihr, dass der Panamakanal bis zum 31.12.1999 unter der F\u00fchrung der USA stand und die Einnahmen f\u00fcr die Durchfahrt gar nicht an Panam\u00e1 sondern eben an die USA ging? Die US-Amerikaner haben den Bau des Panamakanals geleitet und sie nutzen den Kanal heute noch, um Waren von der Westk\u00fcste an die Ostk\u00fcste der USA zu bringen und umgekehrt. Viele von den etwas \u00fcber 14.000 Schiffen, die heutzutage j\u00e4hrlich den Panamakanal passieren, fahren nun allerdings unter panamaischer Flagge, dadurch sind die Steuern g\u00fcnstiger. Sehr spannend! Wir haben dies alles erst vor Ort gelernt. Hierzu auch noch eine andere kleine Anekdote, weil sie so sch\u00f6n ist: Ein US-amerikanischer Abenteurer stellte einen Weltrekord auf, indem er die 80 km des Kanals schwimmend in zehn Tagen durchquerte. Nebenbei stellte er noch einen weiteren Weltrekord auf: Da sich die Durchfahrtsgeb\u00fchren normalerweise an L\u00e4nge und Gewicht eines Schiffes orientieren, zahlte er, basierend auf seinem K\u00f6rpergewicht, die niedrigste je registrierte Geb\u00fchr von nur 36 US$-Cents. Die gr\u00f6\u00dften Schiffe zahlen f\u00fcr eine Durchfahrt bis zu 1 Mio. US$! Wir haben uns gefragt, ob der Kapit\u00e4n dann einfach seine Kreditkarte am Ende z\u00fcckt. \ud83d\ude42  <\/p>\n\n\n\n<figure class=\"wp-block-image size-large\"><img loading=\"lazy\" decoding=\"async\" width=\"1024\" height=\"257\" src=\"https:\/\/www.moinreise.de\/wp-content\/uploads\/2020\/03\/IMG_E9346-1024x257.jpg\" alt=\"\" class=\"wp-image-375\" srcset=\"https:\/\/www.moinreise.de\/wp-content\/uploads\/2020\/03\/IMG_E9346-1024x257.jpg 1024w, https:\/\/www.moinreise.de\/wp-content\/uploads\/2020\/03\/IMG_E9346-300x75.jpg 300w, https:\/\/www.moinreise.de\/wp-content\/uploads\/2020\/03\/IMG_E9346-768x193.jpg 768w, https:\/\/www.moinreise.de\/wp-content\/uploads\/2020\/03\/IMG_E9346-1536x386.jpg 1536w, https:\/\/www.moinreise.de\/wp-content\/uploads\/2020\/03\/IMG_E9346-2048x514.jpg 2048w\" sizes=\"auto, (max-width: 1024px) 100vw, 1024px\" \/><figcaption class=\"wp-element-caption\"><strong>Die Miraflores Locks sind einen Besuch wert!<\/strong><\/figcaption><\/figure>\n\n\n\n<p>Nach dem Besuch des Panamakanals sind wir noch auf den Cerro Anc\u00f3n gelaufen. Das ist ein kleiner Berg und die h\u00f6chste Anhebung von Panam\u00e1-Stadt. Von dort oben konnten wir auf das Casco Viejo, die Skyline und auch auf den Panamakanal gucken. Den Ausflug auf den Berg hatten wir uns irgendwie ein bisschen anders vorgestellt, eigentlich war da au\u00dfer einer eingez\u00e4unten Panam\u00e1-Flagge und mehrere Funkantennen gar nichts. Auf dem R\u00fcckweg fuhren wir dann auch noch durch ein ziemlich heruntergekommendes Viertel von Panam\u00e1 und konnten nun die Warnungen des Ausw\u00e4rtigen Amtes vor einigen Gegenden hier in der Hauptstadt sehr gut verstehen. Hier m\u00f6chte man nicht zu Fu\u00df laufen! Abends waren wir im Restaurant \u201eEl Trapiche\u201c typisch panamaisch lecker Essen.<\/p>\n\n\n\n<p>Dann ging es f\u00fcr uns auch schon weiter mit dem Bus durch ganz Panam\u00e1. Wir sind zum Albrock Busterminal gefahren und nahmen einen Bus nach \u201eEl Valle de Ant\u00f3n\u201c, kurz  \u201eEl Valle\u201c  genannt. Dieses Tal lag ungef\u00e4hr zwei Stunden Busfahrt von Panam\u00e1-Stadt entfernt. Im Bus sa\u00dfen au\u00dfer uns nur noch zwei andere Touristen aus Kanada, Vater und Sohn. Der Sohn war gerade seit vier Tagen zur\u00fcck aus China gekommen und nun wollten sie gemeinsam durch Zentralamerika reisen. Das war das erste Mal auf unserer Reise, dass wir uns mit dem Coronavirus direkt konfrontiert f\u00fchlten. Zu diesem Zeitpunkt war es Ende Januar und in S\u00fcd- und Zentralamerika war der Coronavirus gl\u00fccklicherweise noch nicht angekommen. Wir fingen an uns mit dem Thema intensiver auseinanderzusetzen, nachdem wir zudem noch mitbekamen, dass ein ganzes Kreuzfahrtschiff unter Quarant\u00e4ne gestellt wurde. Jaja, dieser Coronavirus, der wird uns auf unserer Reise noch verfolgen \u2026<\/p>\n\n\n\n<figure class=\"wp-block-image size-large is-resized\"><img loading=\"lazy\" decoding=\"async\" src=\"https:\/\/www.moinreise.de\/wp-content\/uploads\/2020\/03\/IMG_E9446_verkleinert-1024x706.jpg\" alt=\"\" class=\"wp-image-378\" width=\"538\" height=\"370\" srcset=\"https:\/\/www.moinreise.de\/wp-content\/uploads\/2020\/03\/IMG_E9446_verkleinert-1024x706.jpg 1024w, https:\/\/www.moinreise.de\/wp-content\/uploads\/2020\/03\/IMG_E9446_verkleinert-300x207.jpg 300w, https:\/\/www.moinreise.de\/wp-content\/uploads\/2020\/03\/IMG_E9446_verkleinert-768x530.jpg 768w, https:\/\/www.moinreise.de\/wp-content\/uploads\/2020\/03\/IMG_E9446_verkleinert-1536x1059.jpg 1536w, https:\/\/www.moinreise.de\/wp-content\/uploads\/2020\/03\/IMG_E9446_verkleinert.jpg 2016w\" sizes=\"auto, (max-width: 538px) 100vw, 538px\" \/><figcaption class=\"wp-element-caption\"><strong>Tobi wartet den Regen ab&#8230;<\/strong><\/figcaption><\/figure>\n\n\n\n<figure class=\"wp-block-gallery has-nested-images columns-default is-cropped wp-block-gallery-1 is-layout-flex wp-block-gallery-is-layout-flex\">\n<figure class=\"wp-block-image size-large\"><img loading=\"lazy\" decoding=\"async\" width=\"1024\" height=\"768\" data-id=\"380\" src=\"https:\/\/www.moinreise.de\/wp-content\/uploads\/2020\/03\/IMG_E9454_verkleinert-1-1024x768.jpg\" alt=\"\" class=\"wp-image-380\" srcset=\"https:\/\/www.moinreise.de\/wp-content\/uploads\/2020\/03\/IMG_E9454_verkleinert-1-1024x768.jpg 1024w, https:\/\/www.moinreise.de\/wp-content\/uploads\/2020\/03\/IMG_E9454_verkleinert-1-300x225.jpg 300w, https:\/\/www.moinreise.de\/wp-content\/uploads\/2020\/03\/IMG_E9454_verkleinert-1-768x576.jpg 768w, https:\/\/www.moinreise.de\/wp-content\/uploads\/2020\/03\/IMG_E9454_verkleinert-1-1536x1152.jpg 1536w, https:\/\/www.moinreise.de\/wp-content\/uploads\/2020\/03\/IMG_E9454_verkleinert-1-120x90.jpg 120w, https:\/\/www.moinreise.de\/wp-content\/uploads\/2020\/03\/IMG_E9454_verkleinert-1.jpg 2016w\" sizes=\"auto, (max-width: 1024px) 100vw, 1024px\" \/><\/figure>\n\n\n\n<figure class=\"wp-block-image size-large\"><img loading=\"lazy\" decoding=\"async\" width=\"1024\" height=\"696\" data-id=\"381\" src=\"https:\/\/www.moinreise.de\/wp-content\/uploads\/2020\/03\/IMG_E9459_verkleinert-1024x696.jpg\" alt=\"\" class=\"wp-image-381\" srcset=\"https:\/\/www.moinreise.de\/wp-content\/uploads\/2020\/03\/IMG_E9459_verkleinert-1024x696.jpg 1024w, https:\/\/www.moinreise.de\/wp-content\/uploads\/2020\/03\/IMG_E9459_verkleinert-300x204.jpg 300w, https:\/\/www.moinreise.de\/wp-content\/uploads\/2020\/03\/IMG_E9459_verkleinert-768x522.jpg 768w, https:\/\/www.moinreise.de\/wp-content\/uploads\/2020\/03\/IMG_E9459_verkleinert-1536x1044.jpg 1536w, https:\/\/www.moinreise.de\/wp-content\/uploads\/2020\/03\/IMG_E9459_verkleinert.jpg 1989w\" sizes=\"auto, (max-width: 1024px) 100vw, 1024px\" \/><\/figure>\n<figcaption class=\"blocks-gallery-caption wp-element-caption\"><strong>&#8230; danach ging es mit Sack und Pack weiter<\/strong><\/figcaption><\/figure>\n\n\n<div class=\"wp-block-image\">\n<figure class=\"alignleft size-large is-resized\"><img loading=\"lazy\" decoding=\"async\" src=\"https:\/\/www.moinreise.de\/wp-content\/uploads\/2020\/03\/IMG_E9504_verkleinert-1-1024x768.jpg\" alt=\"\" class=\"wp-image-412\" width=\"317\" height=\"238\" srcset=\"https:\/\/www.moinreise.de\/wp-content\/uploads\/2020\/03\/IMG_E9504_verkleinert-1-1024x768.jpg 1024w, https:\/\/www.moinreise.de\/wp-content\/uploads\/2020\/03\/IMG_E9504_verkleinert-1-300x225.jpg 300w, https:\/\/www.moinreise.de\/wp-content\/uploads\/2020\/03\/IMG_E9504_verkleinert-1-768x576.jpg 768w, https:\/\/www.moinreise.de\/wp-content\/uploads\/2020\/03\/IMG_E9504_verkleinert-1-1536x1152.jpg 1536w, https:\/\/www.moinreise.de\/wp-content\/uploads\/2020\/03\/IMG_E9504_verkleinert-1-120x90.jpg 120w, https:\/\/www.moinreise.de\/wp-content\/uploads\/2020\/03\/IMG_E9504_verkleinert-1.jpg 1719w\" sizes=\"auto, (max-width: 317px) 100vw, 317px\" \/><figcaption class=\"wp-element-caption\"><strong>Unsere Stra\u00dfe in El Valle<\/strong><\/figcaption><\/figure><\/div>\n\n\n<p>Im Valle de Ant\u00f3n ging es gem\u00fctlich zu, eigentlich war der Ort wie ausgestorben. Dies war anscheinend jede Woche von Dienstag bis Donnerstag der Fall. Freitags wacht der Ort dann wieder f\u00fcrs Wochenende auf, wenn die Einwohner aus Panam\u00e1-Stadt das Tal besiedeln, um Frischluft zu schnuppern. Nach den Wochenenden verf\u00e4llt das Tal dann wieder f\u00fcr drei Tage in seinen Dornr\u00f6schenschlaf. Gut, dass wir dienstags anreisten und freitags wieder abreisten. Von St\u00e4dten hatten wir nach Quito, Bogot\u00e1, Cartagena und Panam\u00e1 erst einmal genug und wollten hier \u201eauf dem Land\u201c die Ruhe genie\u00dfen.<\/p>\n\n\n\n<figure class=\"wp-block-image size-large\"><img loading=\"lazy\" decoding=\"async\" width=\"1024\" height=\"737\" src=\"https:\/\/www.moinreise.de\/wp-content\/uploads\/2020\/03\/IMG_E9506_verkleinert-2-1024x737.jpg\" alt=\"\" class=\"wp-image-417\" srcset=\"https:\/\/www.moinreise.de\/wp-content\/uploads\/2020\/03\/IMG_E9506_verkleinert-2-1024x737.jpg 1024w, https:\/\/www.moinreise.de\/wp-content\/uploads\/2020\/03\/IMG_E9506_verkleinert-2-300x216.jpg 300w, https:\/\/www.moinreise.de\/wp-content\/uploads\/2020\/03\/IMG_E9506_verkleinert-2-768x553.jpg 768w, https:\/\/www.moinreise.de\/wp-content\/uploads\/2020\/03\/IMG_E9506_verkleinert-2-1536x1106.jpg 1536w, https:\/\/www.moinreise.de\/wp-content\/uploads\/2020\/03\/IMG_E9506_verkleinert-2.jpg 1714w\" sizes=\"auto, (max-width: 1024px) 100vw, 1024px\" \/><figcaption class=\"wp-element-caption\"><strong>Ein Tal im Dornr\u00f6schenschlaf<\/strong><\/figcaption><\/figure>\n\n\n\n<p>Wir mieteten uns ein kleines H\u00e4uschen mit Garten und einem Grill &#8211; endlich mal wieder grillen! Wir vermissten unseren Weber Gasgrill zu Hause schon sehr auf dieser Reise. \ud83d\ude42 Wir nutzten also die Gelegenheit und grillten von den drei Tagen an denen wir da waren an jedem Abend. Es gab einen gut best\u00fcckten Supermarkt im Ort und beim ersten Einkauf entdeckten wir auch ein Fitnessstudio nebenan. Dies besuchten wir an einem Nachmittag f\u00fcr drei Stunden. Das ist \u00fcbrigens auch etwas was wir sehr vermissen: Unseren regelm\u00e4\u00dfigen Sport im Fitnessstudio \ud83d\ude42<\/p>\n\n\n\n<p>Ansonsten machten wir noch einen Spaziergang zu einem Wasserfall und sahen zum ersten Mal die f\u00fcr Zentralamerika bekannten blauen Schmetterlinge, die \u201eblauen Morphofalter\u201c. Leider ist es nicht m\u00f6glich diese zu fotografieren, denn sie flattern so schnell an einem vorbei. Und wenn sie sich doch einmal niederlassen, sind die Fl\u00fcgel zusammengeklappt.<\/p>\n\n\n\n<figure class=\"wp-block-gallery has-nested-images columns-default is-cropped wp-block-gallery-2 is-layout-flex wp-block-gallery-is-layout-flex\">\n<figure class=\"wp-block-image size-large\"><img loading=\"lazy\" decoding=\"async\" width=\"722\" height=\"1024\" data-id=\"382\" src=\"https:\/\/www.moinreise.de\/wp-content\/uploads\/2020\/03\/IMG_E0160_verkleinert-722x1024.jpg\" alt=\"\" class=\"wp-image-382\" srcset=\"https:\/\/www.moinreise.de\/wp-content\/uploads\/2020\/03\/IMG_E0160_verkleinert-722x1024.jpg 722w, https:\/\/www.moinreise.de\/wp-content\/uploads\/2020\/03\/IMG_E0160_verkleinert-212x300.jpg 212w, https:\/\/www.moinreise.de\/wp-content\/uploads\/2020\/03\/IMG_E0160_verkleinert-768x1089.jpg 768w, https:\/\/www.moinreise.de\/wp-content\/uploads\/2020\/03\/IMG_E0160_verkleinert-1084x1536.jpg 1084w, https:\/\/www.moinreise.de\/wp-content\/uploads\/2020\/03\/IMG_E0160_verkleinert.jpg 1138w\" sizes=\"auto, (max-width: 722px) 100vw, 722px\" \/><\/figure>\n\n\n\n<figure class=\"wp-block-image size-large\"><img loading=\"lazy\" decoding=\"async\" width=\"598\" height=\"1024\" data-id=\"383\" src=\"https:\/\/www.moinreise.de\/wp-content\/uploads\/2020\/03\/IMG_E9520_verkleinert-598x1024.jpg\" alt=\"\" class=\"wp-image-383\" srcset=\"https:\/\/www.moinreise.de\/wp-content\/uploads\/2020\/03\/IMG_E9520_verkleinert-598x1024.jpg 598w, https:\/\/www.moinreise.de\/wp-content\/uploads\/2020\/03\/IMG_E9520_verkleinert-175x300.jpg 175w, https:\/\/www.moinreise.de\/wp-content\/uploads\/2020\/03\/IMG_E9520_verkleinert-768x1315.jpg 768w, https:\/\/www.moinreise.de\/wp-content\/uploads\/2020\/03\/IMG_E9520_verkleinert.jpg 835w\" sizes=\"auto, (max-width: 598px) 100vw, 598px\" \/><\/figure>\n<figcaption class=\"blocks-gallery-caption wp-element-caption\"><strong>Wo ist der Schmetterling?<\/strong><\/figcaption><\/figure>\n\n\n<div class=\"wp-block-image\">\n<figure class=\"alignleft size-large is-resized\"><img loading=\"lazy\" decoding=\"async\" src=\"https:\/\/www.moinreise.de\/wp-content\/uploads\/2020\/03\/IMG_E9554_verkleinert-1-1024x708.jpg\" alt=\"\" class=\"wp-image-410\" width=\"364\" height=\"251\" srcset=\"https:\/\/www.moinreise.de\/wp-content\/uploads\/2020\/03\/IMG_E9554_verkleinert-1-1024x708.jpg 1024w, https:\/\/www.moinreise.de\/wp-content\/uploads\/2020\/03\/IMG_E9554_verkleinert-1-300x207.jpg 300w, https:\/\/www.moinreise.de\/wp-content\/uploads\/2020\/03\/IMG_E9554_verkleinert-1-768x531.jpg 768w, https:\/\/www.moinreise.de\/wp-content\/uploads\/2020\/03\/IMG_E9554_verkleinert-1.jpg 1505w\" sizes=\"auto, (max-width: 364px) 100vw, 364px\" \/><figcaption class=\"wp-element-caption\"><strong>Ausgemusterter gelber Schulbus aus den USA, der in Panam\u00e1 im \u00f6ffentlichen Nahverkehr Einsatz findet<\/strong><\/figcaption><\/figure><\/div>\n\n\n<p>Weiter ging es vom Valle de Ant\u00f3n mit einer abenteuerlichen Busfahrt mit dreimaligem Umstieg nach Boquete. Wir waren doch sehr gespannt, ob das wie recherchiert klappen wird. Erst nahmen wir den \u00f6rtlichen Minibus, der morgens die Einwohner zur Arbeit brachte, zwei Stra\u00dfen runter bis zur Hauptstra\u00dfe, dann ging es mit einem weiteren Minibus eine halbe Stunde lang bis zur Panamericana. Dort sollten wir einfach einen gro\u00dfen \u00dcberlandbus anhalten, der nach David f\u00e4hrt. Die St\u00e4dte, die angefahren werden, stehen immer dick an dem Bus angeschlagen \u2013 meistens sogar in Leuchtschrift. Da wir noch \u00fcberlegten ein Foto zu machen, fuhr der erste Bus prompt an uns vorbei \u2013 ohje\u2026 wann kommt denn jetzt der n\u00e4chste? Der kam bereits nach wenigen Minuten. Wir hatten Gl\u00fcck, dass jemand an der Kreuzung aussteigen wollte, ansonsten h\u00e4tte der Bus wohl auch nicht angehalten, obwohl Tobi sich wild gestikulierend bemerkbar gemacht hat. Wir bekamen noch zwei Pl\u00e4tze im Bus und durften die f\u00fcnf Stunden bis David mitfahren. Auf der Fahrt hielt der Bus irgendwann an einer Polizeikontrolle und wir mussten alle unsere P\u00e4sse vorzeigen. Zudem wurde mal wieder ein Hund durch den Gep\u00e4ckraum des Busses geschickt, aber auch dieser fand nichts und wir durften weiterfahren. In David angekommen, war ein ziemliches Gewusel am Busbahnhof, aber wir fragten einmal wo der Bus nach Boquete abf\u00e4hrt und wurden gleich in die richtige Richtung geleitet. Wir fuhren mit einem ausgemusterten gelben Schulbus aus den USA nach Boquete. Diese ganze Strecke hat insgesamt ca. acht Stunden gedauert, aber es hat alles super funktioniert und wir hatten quasi immer sofort einen Anschlussbus. Auf unserer ganzen Panam\u00e1-Reise machten wir die Erfahrung, dass der Busverkehr super ist und man kommt immer \u00fcberall f\u00fcr wenig Geld hin, sobald man sich an die Stra\u00dfe stellt, die Hand ausstreckt und nach unten winkt.<\/p>\n\n\n\n<figure class=\"wp-block-image size-large is-resized\"><img loading=\"lazy\" decoding=\"async\" src=\"https:\/\/www.moinreise.de\/wp-content\/uploads\/2020\/03\/IMG_E9548_verkleinert-1024x660.jpg\" alt=\"\" class=\"wp-image-386\" width=\"526\" height=\"338\" srcset=\"https:\/\/www.moinreise.de\/wp-content\/uploads\/2020\/03\/IMG_E9548_verkleinert-1024x660.jpg 1024w, https:\/\/www.moinreise.de\/wp-content\/uploads\/2020\/03\/IMG_E9548_verkleinert-300x193.jpg 300w, https:\/\/www.moinreise.de\/wp-content\/uploads\/2020\/03\/IMG_E9548_verkleinert-768x495.jpg 768w, https:\/\/www.moinreise.de\/wp-content\/uploads\/2020\/03\/IMG_E9548_verkleinert.jpg 1430w\" sizes=\"auto, (max-width: 526px) 100vw, 526px\" \/><figcaption class=\"wp-element-caption\"><strong>Seht ihr es auch?<\/strong><\/figcaption><\/figure>\n\n\n\n<p>Boquete ist ein kleiner Ort, in dem sich viele europ\u00e4ische und amerikanische Rentner niedergelassen haben. Wir wohnten hier bei Frank und Claudia und dem Sch\u00e4ferhund Nero in ihrem Containerhaus. Containerhaus? Ja, Containerhaus, ein Haus, das komplett aus ausgemusterten Containern gebaut wurde. Hier haben sie bereits drei Wohnungen fertig gestellt und es sollen noch mehr werden. Frank und Claudia sind deutsche Auswanderer und waren schon in vielen L\u00e4ndern unterwegs. Sie haben bereits unterschiedliche Dinge ausprobiert: erst haben sie in Spanien gelebt und gearbeitet, sind dann jahrelang mit Touristen und einem Segelboot auf den Weltmeeren und insbesondere durch die Karibik getourt, dann waren sie Streetfoodverk\u00e4ufer, Schlachter und Wursthersteller und nun vermieten sie Wohnungen. Wir haben zumindest einige interessante Geschichten geh\u00f6rt.<\/p>\n\n\n\n<figure class=\"wp-block-image size-large is-resized\"><img loading=\"lazy\" decoding=\"async\" src=\"https:\/\/www.moinreise.de\/wp-content\/uploads\/2020\/03\/IMG_E9584_verkleinert-1024x768.jpg\" alt=\"\" class=\"wp-image-401\" width=\"544\" height=\"408\" srcset=\"https:\/\/www.moinreise.de\/wp-content\/uploads\/2020\/03\/IMG_E9584_verkleinert-1024x768.jpg 1024w, https:\/\/www.moinreise.de\/wp-content\/uploads\/2020\/03\/IMG_E9584_verkleinert-300x225.jpg 300w, https:\/\/www.moinreise.de\/wp-content\/uploads\/2020\/03\/IMG_E9584_verkleinert-768x576.jpg 768w, https:\/\/www.moinreise.de\/wp-content\/uploads\/2020\/03\/IMG_E9584_verkleinert-1536x1152.jpg 1536w, https:\/\/www.moinreise.de\/wp-content\/uploads\/2020\/03\/IMG_E9584_verkleinert-120x90.jpg 120w, https:\/\/www.moinreise.de\/wp-content\/uploads\/2020\/03\/IMG_E9584_verkleinert.jpg 2016w\" sizes=\"auto, (max-width: 544px) 100vw, 544px\" \/><figcaption class=\"wp-element-caption\"><strong>Das Containerhaus von Claudia und Frank in Boquete<\/strong><\/figcaption><\/figure>\n\n\n\n<p>Boquete ist unter anderem bekannt f\u00fcr den dortigen Kaffeeanbau. Wir  haben hier auch eine Kaffeefarm namens \u201eCafe de la Luna\u201c besucht und uns  wurde alles erkl\u00e4rt, vom Kaffeeanbau, der Ernte, der R\u00f6stung, bis hin  zum Br\u00fchvorgang des Kaffees. Wir hatten einen sehr interessanten  Nachmittag und wissen nun guten Kaffee noch umso mehr zu sch\u00e4tzen.  <\/p>\n\n\n\n<figure class=\"wp-block-gallery has-nested-images columns-default is-cropped wp-block-gallery-3 is-layout-flex wp-block-gallery-is-layout-flex\">\n<figure class=\"wp-block-image\"><img loading=\"lazy\" decoding=\"async\" width=\"1024\" height=\"683\" data-id=\"398\" src=\"https:\/\/www.moinreise.de\/wp-content\/uploads\/2020\/03\/IMG_1492_verkleinert-1-1024x683.jpg\" alt=\"\" class=\"wp-image-398\" srcset=\"https:\/\/www.moinreise.de\/wp-content\/uploads\/2020\/03\/IMG_1492_verkleinert-1-1024x683.jpg 1024w, https:\/\/www.moinreise.de\/wp-content\/uploads\/2020\/03\/IMG_1492_verkleinert-1-300x200.jpg 300w, https:\/\/www.moinreise.de\/wp-content\/uploads\/2020\/03\/IMG_1492_verkleinert-1-768x512.jpg 768w, https:\/\/www.moinreise.de\/wp-content\/uploads\/2020\/03\/IMG_1492_verkleinert-1-1536x1024.jpg 1536w, https:\/\/www.moinreise.de\/wp-content\/uploads\/2020\/03\/IMG_1492_verkleinert-1.jpg 1800w\" sizes=\"auto, (max-width: 1024px) 100vw, 1024px\" \/><figcaption class=\"wp-element-caption\"> Kaaaaffffeeee &#8230;<\/figcaption><\/figure>\n\n\n\n<figure class=\"wp-block-image\"><img loading=\"lazy\" decoding=\"async\" width=\"1024\" height=\"799\" data-id=\"399\" src=\"https:\/\/www.moinreise.de\/wp-content\/uploads\/2020\/03\/IMG_E9618_verkleinert-1-1024x799.jpg\" alt=\"\" class=\"wp-image-399\" srcset=\"https:\/\/www.moinreise.de\/wp-content\/uploads\/2020\/03\/IMG_E9618_verkleinert-1-1024x799.jpg 1024w, https:\/\/www.moinreise.de\/wp-content\/uploads\/2020\/03\/IMG_E9618_verkleinert-1-300x234.jpg 300w, https:\/\/www.moinreise.de\/wp-content\/uploads\/2020\/03\/IMG_E9618_verkleinert-1-768x599.jpg 768w, https:\/\/www.moinreise.de\/wp-content\/uploads\/2020\/03\/IMG_E9618_verkleinert-1-1536x1198.jpg 1536w, https:\/\/www.moinreise.de\/wp-content\/uploads\/2020\/03\/IMG_E9618_verkleinert-1.jpg 1938w\" sizes=\"auto, (max-width: 1024px) 100vw, 1024px\" \/><figcaption class=\"wp-element-caption\">&#8230; Kaaaaafffffeeeeeee<\/figcaption><\/figure>\n<\/figure>\n\n\n\n<p><\/p>\n\n\n\n<figure class=\"wp-block-gallery has-nested-images columns-default is-cropped wp-block-gallery-4 is-layout-flex wp-block-gallery-is-layout-flex\">\n<figure class=\"wp-block-image\"><img loading=\"lazy\" decoding=\"async\" width=\"836\" height=\"1024\" data-id=\"397\" src=\"https:\/\/www.moinreise.de\/wp-content\/uploads\/2020\/03\/IMG_E9634_verkleinert-836x1024.jpg\" alt=\"\" class=\"wp-image-397\" srcset=\"https:\/\/www.moinreise.de\/wp-content\/uploads\/2020\/03\/IMG_E9634_verkleinert-836x1024.jpg 836w, https:\/\/www.moinreise.de\/wp-content\/uploads\/2020\/03\/IMG_E9634_verkleinert-245x300.jpg 245w, https:\/\/www.moinreise.de\/wp-content\/uploads\/2020\/03\/IMG_E9634_verkleinert-768x941.jpg 768w, https:\/\/www.moinreise.de\/wp-content\/uploads\/2020\/03\/IMG_E9634_verkleinert-1254x1536.jpg 1254w, https:\/\/www.moinreise.de\/wp-content\/uploads\/2020\/03\/IMG_E9634_verkleinert.jpg 1499w\" sizes=\"auto, (max-width: 836px) 100vw, 836px\" \/><figcaption class=\"wp-element-caption\"> Look a Hummingbird &#8230;<\/figcaption><\/figure>\n\n\n\n<figure class=\"wp-block-image\"><img loading=\"lazy\" decoding=\"async\" width=\"1024\" height=\"683\" data-id=\"400\" src=\"https:\/\/www.moinreise.de\/wp-content\/uploads\/2020\/03\/IMG_1500_verkleinert-1-1024x683.jpg\" alt=\"\" class=\"wp-image-400\" srcset=\"https:\/\/www.moinreise.de\/wp-content\/uploads\/2020\/03\/IMG_1500_verkleinert-1-1024x683.jpg 1024w, https:\/\/www.moinreise.de\/wp-content\/uploads\/2020\/03\/IMG_1500_verkleinert-1-300x200.jpg 300w, https:\/\/www.moinreise.de\/wp-content\/uploads\/2020\/03\/IMG_1500_verkleinert-1-768x512.jpg 768w, https:\/\/www.moinreise.de\/wp-content\/uploads\/2020\/03\/IMG_1500_verkleinert-1-1536x1024.jpg 1536w, https:\/\/www.moinreise.de\/wp-content\/uploads\/2020\/03\/IMG_1500_verkleinert-1.jpg 1800w\" sizes=\"auto, (max-width: 1024px) 100vw, 1024px\" \/><figcaption class=\"wp-element-caption\">&#8230; Kleine Colibri-Babys im Kaffeestrauch <\/figcaption><\/figure>\n<figcaption class=\"blocks-gallery-caption wp-element-caption\"><strong>Besuch der Kaffeeplantage<\/strong><\/figcaption><\/figure>\n\n\n\n<p>Nach der Kaffeefarm waren wir in der \u00f6rtlichen Beer Brewery und probierten uns durch die unterschiedlichen Biersorten, unter anderem gab es auch einen selbstgemachten Erdbeer-Cider und ein Kakaobier. Eine \u00f6rtliche Brewery mit lokalem Craft Beer haben wir eher selten bisher auf unserer Reise im Ort gehabt und so besuchten wir den netten Laden an jedem der drei Abende in Boquete.<\/p>\n\n\n\n<figure class=\"wp-block-image size-large is-resized\"><img loading=\"lazy\" decoding=\"async\" src=\"https:\/\/www.moinreise.de\/wp-content\/uploads\/2020\/03\/IMG_E9676_verkleinert-1024x952.jpg\" alt=\"\" class=\"wp-image-392\" width=\"553\" height=\"514\" srcset=\"https:\/\/www.moinreise.de\/wp-content\/uploads\/2020\/03\/IMG_E9676_verkleinert-1024x952.jpg 1024w, https:\/\/www.moinreise.de\/wp-content\/uploads\/2020\/03\/IMG_E9676_verkleinert-300x279.jpg 300w, https:\/\/www.moinreise.de\/wp-content\/uploads\/2020\/03\/IMG_E9676_verkleinert-768x714.jpg 768w, https:\/\/www.moinreise.de\/wp-content\/uploads\/2020\/03\/IMG_E9676_verkleinert-1536x1428.jpg 1536w, https:\/\/www.moinreise.de\/wp-content\/uploads\/2020\/03\/IMG_E9676_verkleinert.jpg 1567w\" sizes=\"auto, (max-width: 553px) 100vw, 553px\" \/><figcaption class=\"wp-element-caption\"><strong>Besuch der Boquete Brewery: Fritten, Kakao-Bier und Erdbeer-Cider<\/strong><\/figcaption><\/figure>\n\n\n\n<p>Von Boquete aus ging es weiter mit einer ziemlich anstrengenden Minibusfahrt durch Schlagl\u00f6cher, Berg auf und ab und mit st\u00e4ndigem Anhalten auf die andere Seite von Panam\u00e1 zum Karibischen Meer. Dort setzten wir mit dem Boot \u00fcber nach Bocas del Toro, einer Inselgruppe. Wir schliefen hier in einer ganz einfachen Unterkunft au\u00dferhalb der Stadt und des Trubels. In Bocas machten wir eine Fahrradtour und genossen ein wenig die Meeresluft. Leider war der Wasserstand hier sehr hoch und die Str\u00e4nde daher \u00fcbersp\u00fclt. Gut, dass wir hier nur einen kurzen Abstecher machten und nach zwei Tagen weiter bis Costa Rica fuhren. Sch\u00f6n war es irgendwie trotzdem \ud83d\ude42<\/p>\n\n\n\n<figure class=\"wp-block-image size-large is-resized\"><img loading=\"lazy\" decoding=\"async\" src=\"https:\/\/www.moinreise.de\/wp-content\/uploads\/2020\/03\/IMG_E9691_verkleinert-1024x768.jpg\" alt=\"\" class=\"wp-image-393\" width=\"548\" height=\"411\" srcset=\"https:\/\/www.moinreise.de\/wp-content\/uploads\/2020\/03\/IMG_E9691_verkleinert-1024x768.jpg 1024w, https:\/\/www.moinreise.de\/wp-content\/uploads\/2020\/03\/IMG_E9691_verkleinert-300x225.jpg 300w, https:\/\/www.moinreise.de\/wp-content\/uploads\/2020\/03\/IMG_E9691_verkleinert-768x576.jpg 768w, https:\/\/www.moinreise.de\/wp-content\/uploads\/2020\/03\/IMG_E9691_verkleinert-1536x1152.jpg 1536w, https:\/\/www.moinreise.de\/wp-content\/uploads\/2020\/03\/IMG_E9691_verkleinert-120x90.jpg 120w, https:\/\/www.moinreise.de\/wp-content\/uploads\/2020\/03\/IMG_E9691_verkleinert.jpg 2016w\" sizes=\"auto, (max-width: 548px) 100vw, 548px\" \/><figcaption class=\"wp-element-caption\"><strong>Massentransport nach Bocas<\/strong><\/figcaption><\/figure>\n\n\n\n<figure class=\"wp-block-image size-large is-resized\"><img loading=\"lazy\" decoding=\"async\" src=\"https:\/\/www.moinreise.de\/wp-content\/uploads\/2020\/03\/IMG_E9741_verkleinert-1024x712.jpg\" alt=\"\" class=\"wp-image-388\" width=\"553\" height=\"384\" srcset=\"https:\/\/www.moinreise.de\/wp-content\/uploads\/2020\/03\/IMG_E9741_verkleinert-1024x712.jpg 1024w, https:\/\/www.moinreise.de\/wp-content\/uploads\/2020\/03\/IMG_E9741_verkleinert-300x209.jpg 300w, https:\/\/www.moinreise.de\/wp-content\/uploads\/2020\/03\/IMG_E9741_verkleinert-768x534.jpg 768w, https:\/\/www.moinreise.de\/wp-content\/uploads\/2020\/03\/IMG_E9741_verkleinert-1536x1068.jpg 1536w, https:\/\/www.moinreise.de\/wp-content\/uploads\/2020\/03\/IMG_E9741_verkleinert.jpg 1969w\" sizes=\"auto, (max-width: 553px) 100vw, 553px\" \/><figcaption class=\"wp-element-caption\"><strong>Playa Bluff auf Bocas del Toro<\/strong><\/figcaption><\/figure>\n\n\n\n<figure class=\"wp-block-image size-large is-resized\"><img loading=\"lazy\" decoding=\"async\" src=\"https:\/\/www.moinreise.de\/wp-content\/uploads\/2020\/03\/IMG_E9744_verkleinert-1024x701.jpg\" alt=\"\" class=\"wp-image-389\" width=\"550\" height=\"377\" srcset=\"https:\/\/www.moinreise.de\/wp-content\/uploads\/2020\/03\/IMG_E9744_verkleinert-1024x701.jpg 1024w, https:\/\/www.moinreise.de\/wp-content\/uploads\/2020\/03\/IMG_E9744_verkleinert-300x205.jpg 300w, https:\/\/www.moinreise.de\/wp-content\/uploads\/2020\/03\/IMG_E9744_verkleinert-768x526.jpg 768w, https:\/\/www.moinreise.de\/wp-content\/uploads\/2020\/03\/IMG_E9744_verkleinert-1536x1052.jpg 1536w, https:\/\/www.moinreise.de\/wp-content\/uploads\/2020\/03\/IMG_E9744_verkleinert.jpg 2014w\" sizes=\"auto, (max-width: 550px) 100vw, 550px\" \/><figcaption class=\"wp-element-caption\"><strong>Mit dem Fahrrad&#8230;<\/strong><\/figcaption><\/figure>\n\n\n\n<figure class=\"wp-block-image size-large is-resized\"><img loading=\"lazy\" decoding=\"async\" src=\"https:\/\/www.moinreise.de\/wp-content\/uploads\/2020\/03\/IMG_E9747_verkleinert-1024x669.jpg\" alt=\"\" class=\"wp-image-390\" width=\"550\" height=\"358\" srcset=\"https:\/\/www.moinreise.de\/wp-content\/uploads\/2020\/03\/IMG_E9747_verkleinert-1024x669.jpg 1024w, https:\/\/www.moinreise.de\/wp-content\/uploads\/2020\/03\/IMG_E9747_verkleinert-300x196.jpg 300w, https:\/\/www.moinreise.de\/wp-content\/uploads\/2020\/03\/IMG_E9747_verkleinert-1536x1003.jpg 1536w, https:\/\/www.moinreise.de\/wp-content\/uploads\/2020\/03\/IMG_E9747_verkleinert.jpg 2016w\" sizes=\"auto, (max-width: 550px) 100vw, 550px\" \/><figcaption class=\"wp-element-caption\"><strong>&#8230; durch den Dschungel<\/strong><\/figcaption><\/figure>\n\n\n\n<figure class=\"wp-block-image size-large is-resized\"><img loading=\"lazy\" decoding=\"async\" src=\"https:\/\/www.moinreise.de\/wp-content\/uploads\/2020\/03\/IMG_E9766_verkleinert-768x1024.jpg\" alt=\"\" class=\"wp-image-391\" width=\"422\" height=\"563\" srcset=\"https:\/\/www.moinreise.de\/wp-content\/uploads\/2020\/03\/IMG_E9766_verkleinert-768x1024.jpg 768w, https:\/\/www.moinreise.de\/wp-content\/uploads\/2020\/03\/IMG_E9766_verkleinert-225x300.jpg 225w, https:\/\/www.moinreise.de\/wp-content\/uploads\/2020\/03\/IMG_E9766_verkleinert-1152x1536.jpg 1152w, https:\/\/www.moinreise.de\/wp-content\/uploads\/2020\/03\/IMG_E9766_verkleinert.jpg 1346w\" sizes=\"auto, (max-width: 422px) 100vw, 422px\" \/><figcaption class=\"wp-element-caption\"><strong>Nach der Radtour: Chillen im Beachclub <\/strong><\/figcaption><\/figure>\n\n\n\n<p>Und wie sch\u00f6n war Panam\u00e1 nun? Wir fanden es ganz ok, aber es stehen andere L\u00e4nder h\u00f6her auf unserer Liste, die wir ein zweites Mal besuchen werden. Es gibt eine ganz traumhafte Inselgruppe namens San Blas im karibischen Meer &#8211; vorgelagert vor Panam\u00e1. Nur einige Inseln sind bewohnt und haben ganz einfache Unterk\u00fcnfte. Wir haben gelesen, dass man am besten eine Segelboottour durch diese Inselgruppe unternehmen sollte. Das w\u00fcrden wir gerne irgendwann noch einmal machen und die S\u00fcdsee Panam\u00e1s, die aber in der Karibik gelegen ist, genie\u00dfen \ud83d\ude42<\/p>\n\n\n\n<figure class=\"wp-block-image size-large is-resized\"><img loading=\"lazy\" decoding=\"async\" src=\"https:\/\/www.moinreise.de\/wp-content\/uploads\/2020\/03\/IMG_E9789_verkleinert-1024x824.jpg\" alt=\"\" class=\"wp-image-387\" width=\"505\" height=\"405\" srcset=\"https:\/\/www.moinreise.de\/wp-content\/uploads\/2020\/03\/IMG_E9789_verkleinert-1024x824.jpg 1024w, https:\/\/www.moinreise.de\/wp-content\/uploads\/2020\/03\/IMG_E9789_verkleinert-300x241.jpg 300w, https:\/\/www.moinreise.de\/wp-content\/uploads\/2020\/03\/IMG_E9789_verkleinert-768x618.jpg 768w, https:\/\/www.moinreise.de\/wp-content\/uploads\/2020\/03\/IMG_E9789_verkleinert.jpg 1388w\" sizes=\"auto, (max-width: 505px) 100vw, 505px\" \/><figcaption class=\"wp-element-caption\"><strong>Waiting for transportation &#8230;<\/strong><\/figcaption><\/figure>\n\n\n\n<p><\/p>\n","protected":false},"excerpt":{"rendered":"<p>Unsere Reisezeit: Januar \/ Februar 2020 Ist Panam\u00e1 wirklich so sch\u00f6n, wie von Janoschs Tigerente und dem kleinen B\u00e4ren beschrieben? Das wollten wir herausfinden und wir machten uns auf den Weg dorthin. Die Grenze zwischen Kolumbien und Panam\u00e1 auf dem Landweg zu passieren, sollte allerdings vermieden werden, weil es keine Stra\u00dfe gibt, die die beiden&hellip;<\/p>\n","protected":false},"author":3,"featured_media":0,"comment_status":"open","ping_status":"open","sticky":false,"template":"","format":"standard","meta":{"_monsterinsights_skip_tracking":false,"_monsterinsights_sitenote_active":false,"_monsterinsights_sitenote_note":"","_monsterinsights_sitenote_category":0,"footnotes":""},"categories":[5],"tags":[],"class_list":["post-367","post","type-post","status-publish","format-standard","hentry","category-suedamerika"],"aioseo_notices":[],"post_mailing_queue_ids":[],"_links":{"self":[{"href":"https:\/\/www.moinreise.de\/index.php\/wp-json\/wp\/v2\/posts\/367","targetHints":{"allow":["GET"]}}],"collection":[{"href":"https:\/\/www.moinreise.de\/index.php\/wp-json\/wp\/v2\/posts"}],"about":[{"href":"https:\/\/www.moinreise.de\/index.php\/wp-json\/wp\/v2\/types\/post"}],"author":[{"embeddable":true,"href":"https:\/\/www.moinreise.de\/index.php\/wp-json\/wp\/v2\/users\/3"}],"replies":[{"embeddable":true,"href":"https:\/\/www.moinreise.de\/index.php\/wp-json\/wp\/v2\/comments?post=367"}],"version-history":[{"count":18,"href":"https:\/\/www.moinreise.de\/index.php\/wp-json\/wp\/v2\/posts\/367\/revisions"}],"predecessor-version":[{"id":1363,"href":"https:\/\/www.moinreise.de\/index.php\/wp-json\/wp\/v2\/posts\/367\/revisions\/1363"}],"wp:attachment":[{"href":"https:\/\/www.moinreise.de\/index.php\/wp-json\/wp\/v2\/media?parent=367"}],"wp:term":[{"taxonomy":"category","embeddable":true,"href":"https:\/\/www.moinreise.de\/index.php\/wp-json\/wp\/v2\/categories?post=367"},{"taxonomy":"post_tag","embeddable":true,"href":"https:\/\/www.moinreise.de\/index.php\/wp-json\/wp\/v2\/tags?post=367"}],"curies":[{"name":"wp","href":"https:\/\/api.w.org\/{rel}","templated":true}]}}