{"id":283,"date":"2020-02-03T06:36:10","date_gmt":"2020-02-03T05:36:10","guid":{"rendered":"https:\/\/www.moinreise.de\/?p=283"},"modified":"2023-07-24T21:21:07","modified_gmt":"2023-07-24T19:21:07","slug":"11-ecuador-ein-wunderbares-land-trotz-persoenlichen-hindernissen","status":"publish","type":"post","link":"https:\/\/www.moinreise.de\/index.php\/2020\/02\/03\/11-ecuador-ein-wunderbares-land-trotz-persoenlichen-hindernissen\/","title":{"rendered":"#11 Ecuador \u2013 ein wunderbares Land, trotz pers\u00f6nlicher Hindernisse"},"content":{"rendered":"\n<p class=\"has-medium-font-size\">Unsere Reisezeit: Januar 2020<\/p>\n\n\n\n<p><strong>Auf geht&#8217;s zum Cotopaxi!<\/strong><\/p>\n\n\n\n<p>Von Riobamba Centro ging es mit dem Taxi zum Terminal Terrestre (so hei\u00dfen die gro\u00dfen Busbahnh\u00f6fe in den spansichsprachigen angloamerikanischen L\u00e4ndern) und wir hofften einen Bus nach Machachi zu erwischen. Unsere n\u00e4chste Unterkunft lag n\u00e4mlich so weit in der Pampa, dass es dort weder Internet noch Handyempfang gab und wir konnten dort nur hinkommen, indem wir um 11 Uhr an der Estatua del Caballo (Pferdestatue) in Machachi standen, damit wir von dem Shuttleservice des \u201eSecret Garden Cotopaxi\u201c mitgenommen werden. Na, dann wollen wir doch mal gucken, ob wir das hinbekommen! Also rein in den Terminal, da war auch gleich ein Bus, der nach Quito ging, und sie versicherten uns, dass sie uns an der Pferdestatue in Machachi Bescheid geben werden. Auf der  Busfahrt gab es nicht ganz so viele fliegende H\u00e4ndler, daf\u00fcr allerdings einen Film, in dem es darum ging, dass eine Familie mit ihrem neuen Auto mit 160 km\/h auf der Autobahn unterwegs war und sich der Tempomat nicht mehr abstellen lie\u00df. Das hatte schon eine ziemliche Ironie, da wir selbst in einem Bus sa\u00dfen, der ziemlich waghalsig \u00fcber die Stra\u00dfen flog. Irgendwie lustig, irgendwie auch nicht\u2026 ich hatte zum Gl\u00fcck meine beiden Schutzengel dabei, die mir vor Abreise geschenkt wurden. So kamen wir nach ca. 2,5 Stunden Fahrt um 10 Uhr in Machachi heile an und mussten nun noch eine Stunde auf den weiteren Shuttle warten. Hier sa\u00dfen dann irgendwann nicht nur mehr wir, sondern auch noch ein paar andere Backpacker. Wie sich herausstellte werden wir mit diesen die n\u00e4chsten drei Tage wie auf einer \u201eKlassenfahrt\u201c verbringen. Der Busshuttle traf etwas versp\u00e4tet ein, und wir fuhren weitere 1,5 Stunden \u00fcber Schotterstra\u00dfen zum Secret Garden. Unsere abenteuerliche Reise hatte ein Ende und wir sind wirklich da angekommen wo wir hinwollten. Den Tipp im Secret Garden zu \u00fcbernachten hatten wir von einem Holl\u00e4nder auf den Gal\u00e1pagosinseln erhalten, der derzeit mit seiner Familie auf Aruba lebt.<\/p>\n\n\n\n<figure class=\"wp-block-image size-large is-resized\"><img loading=\"lazy\" decoding=\"async\" src=\"https:\/\/www.moinreise.de\/wp-content\/uploads\/2020\/02\/IMG_E8505_verkleinert-1024x768.jpg\" alt=\"\" class=\"wp-image-298\" width=\"532\" height=\"399\" srcset=\"https:\/\/www.moinreise.de\/wp-content\/uploads\/2020\/02\/IMG_E8505_verkleinert-1024x768.jpg 1024w, https:\/\/www.moinreise.de\/wp-content\/uploads\/2020\/02\/IMG_E8505_verkleinert-300x225.jpg 300w, https:\/\/www.moinreise.de\/wp-content\/uploads\/2020\/02\/IMG_E8505_verkleinert-768x576.jpg 768w, https:\/\/www.moinreise.de\/wp-content\/uploads\/2020\/02\/IMG_E8505_verkleinert-1536x1152.jpg 1536w, https:\/\/www.moinreise.de\/wp-content\/uploads\/2020\/02\/IMG_E8505_verkleinert-120x90.jpg 120w, https:\/\/www.moinreise.de\/wp-content\/uploads\/2020\/02\/IMG_E8505_verkleinert.jpg 2016w\" sizes=\"auto, (max-width: 532px) 100vw, 532px\" \/><figcaption class=\"wp-element-caption\"><strong>Secret Garden Cotopaxi<\/strong><\/figcaption><\/figure>\n\n\n\n<figure class=\"wp-block-image size-large\"><img loading=\"lazy\" decoding=\"async\" width=\"1024\" height=\"486\" src=\"https:\/\/www.moinreise.de\/wp-content\/uploads\/2020\/02\/IMG_E8530_verkleinert-1024x486.jpg\" alt=\"\" class=\"wp-image-289\" srcset=\"https:\/\/www.moinreise.de\/wp-content\/uploads\/2020\/02\/IMG_E8530_verkleinert-1024x486.jpg 1024w, https:\/\/www.moinreise.de\/wp-content\/uploads\/2020\/02\/IMG_E8530_verkleinert-300x142.jpg 300w, https:\/\/www.moinreise.de\/wp-content\/uploads\/2020\/02\/IMG_E8530_verkleinert-768x364.jpg 768w, https:\/\/www.moinreise.de\/wp-content\/uploads\/2020\/02\/IMG_E8530_verkleinert-1536x729.jpg 1536w, https:\/\/www.moinreise.de\/wp-content\/uploads\/2020\/02\/IMG_E8530_verkleinert-2048x972.jpg 2048w\" sizes=\"auto, (max-width: 1024px) 100vw, 1024px\" \/><figcaption class=\"wp-element-caption\"><strong>Ausblick von unserer Caba\u00f1a <\/strong><\/figcaption><\/figure>\n\n\n\n<p>Das Secret Garden Cotopaxi hatte eine unbeschreibliche Lage auf 3.500 m H\u00f6he mitten zwischen Vulkanen, umgeben von gr\u00fcnen Wiesen, Lamas und K\u00fchen und mit Blick auf den Cotopaxi, den bekanntesten Vulkan Ecuadors. Wir f\u00fchlten uns ein bisschen wie in den europ\u00e4ischen Alpen \u2013 wenn die Lamas und die H\u00f6he nicht w\u00e4ren!<\/p>\n\n\n\n<figure class=\"wp-block-image size-large is-resized\"><img loading=\"lazy\" decoding=\"async\" src=\"https:\/\/www.moinreise.de\/wp-content\/uploads\/2020\/02\/IMG_E8665_verkleinert-1024x768.jpg\" alt=\"\" class=\"wp-image-290\" width=\"508\" height=\"381\" srcset=\"https:\/\/www.moinreise.de\/wp-content\/uploads\/2020\/02\/IMG_E8665_verkleinert-1024x768.jpg 1024w, https:\/\/www.moinreise.de\/wp-content\/uploads\/2020\/02\/IMG_E8665_verkleinert-300x225.jpg 300w, https:\/\/www.moinreise.de\/wp-content\/uploads\/2020\/02\/IMG_E8665_verkleinert-768x576.jpg 768w, https:\/\/www.moinreise.de\/wp-content\/uploads\/2020\/02\/IMG_E8665_verkleinert-1536x1152.jpg 1536w, https:\/\/www.moinreise.de\/wp-content\/uploads\/2020\/02\/IMG_E8665_verkleinert-120x90.jpg 120w, https:\/\/www.moinreise.de\/wp-content\/uploads\/2020\/02\/IMG_E8665_verkleinert.jpg 2016w\" sizes=\"auto, (max-width: 508px) 100vw, 508px\" \/><figcaption class=\"wp-element-caption\"><strong>Hi, ich bin Harry und hinter mir ist der Cotopaxi und hat heute mal seine Eisspitze freigegeben!<\/strong><\/figcaption><\/figure>\n\n\n\n<figure class=\"wp-block-image size-large is-resized\"><img loading=\"lazy\" decoding=\"async\" src=\"https:\/\/www.moinreise.de\/wp-content\/uploads\/2020\/02\/IMG_1347_verkleinert-1024x683.jpg\" alt=\"\" class=\"wp-image-292\" width=\"511\" height=\"340\" srcset=\"https:\/\/www.moinreise.de\/wp-content\/uploads\/2020\/02\/IMG_1347_verkleinert-1024x683.jpg 1024w, https:\/\/www.moinreise.de\/wp-content\/uploads\/2020\/02\/IMG_1347_verkleinert-300x200.jpg 300w, https:\/\/www.moinreise.de\/wp-content\/uploads\/2020\/02\/IMG_1347_verkleinert-768x512.jpg 768w, https:\/\/www.moinreise.de\/wp-content\/uploads\/2020\/02\/IMG_1347_verkleinert-1536x1024.jpg 1536w, https:\/\/www.moinreise.de\/wp-content\/uploads\/2020\/02\/IMG_1347_verkleinert.jpg 1800w\" sizes=\"auto, (max-width: 511px) 100vw, 511px\" \/><figcaption class=\"wp-element-caption\"><strong>Janina und Hermine beim Sonnenbaden<\/strong><\/figcaption><\/figure>\n\n\n\n<p>Der Cotopaxi ist mit einer H\u00f6he von 5.897 m der zweith\u00f6chste Vulkan und Berg Ecuadors. Er z\u00e4hlt zu einer der h\u00f6chsten aktiven Vulkanen weltweit. Der inaktive Vulkan Chimborazo, den wir von Riobamba aus sehen konnten, ist mit 6.263 m H\u00f6he \u00fcber dem Meeresspiegel der h\u00f6chste Berg in Ecuador. Beide Berge haben eine Gletscherspitze. Der Cotopaxi ist auch besteigbar \u2013 aber nicht f\u00fcr uns. Wir sind keine Bergsteiger \u2013 aber vielleicht sind wir ja Hiker nach dieser Reise. In der Gegend rund um den Cotopaxi haben wir zwei Hikes gemacht. Am Tag unserer Ankunft haben wir mit allen Neuank\u00f6mmlingen den Waterfall-Hike bezwungen. Dieser ging zwei Stunden durch knietiefes Wasser, wir mussten an W\u00e4nden entlang klettern und durch dichten Wald krabbeln. Und das ganze haben wir in Gummistiefeln bew\u00e4ltigt &#8211; das hat Spa\u00df gemacht! <\/p>\n\n\n\n<figure class=\"wp-block-gallery has-nested-images columns-default is-cropped wp-block-gallery-1 is-layout-flex wp-block-gallery-is-layout-flex\">\n<figure class=\"wp-block-image size-large\"><img loading=\"lazy\" decoding=\"async\" width=\"600\" height=\"800\" data-id=\"286\" src=\"https:\/\/www.moinreise.de\/wp-content\/uploads\/2020\/02\/FBRIE6356_verkleinert-1.jpg\" alt=\"\" class=\"wp-image-286\" srcset=\"https:\/\/www.moinreise.de\/wp-content\/uploads\/2020\/02\/FBRIE6356_verkleinert-1.jpg 600w, https:\/\/www.moinreise.de\/wp-content\/uploads\/2020\/02\/FBRIE6356_verkleinert-1-225x300.jpg 225w\" sizes=\"auto, (max-width: 600px) 100vw, 600px\" \/><figcaption class=\"wp-element-caption\">Hike zum Wasserfall&#8230;<\/figcaption><\/figure>\n\n\n\n<figure class=\"wp-block-image size-large\"><img loading=\"lazy\" decoding=\"async\" width=\"768\" height=\"1024\" data-id=\"288\" src=\"https:\/\/www.moinreise.de\/wp-content\/uploads\/2020\/02\/IMG_E8477_verkleinert-768x1024.jpg\" alt=\"\" class=\"wp-image-288\" srcset=\"https:\/\/www.moinreise.de\/wp-content\/uploads\/2020\/02\/IMG_E8477_verkleinert-768x1024.jpg 768w, https:\/\/www.moinreise.de\/wp-content\/uploads\/2020\/02\/IMG_E8477_verkleinert-225x300.jpg 225w, https:\/\/www.moinreise.de\/wp-content\/uploads\/2020\/02\/IMG_E8477_verkleinert-1152x1536.jpg 1152w, https:\/\/www.moinreise.de\/wp-content\/uploads\/2020\/02\/IMG_E8477_verkleinert.jpg 1512w\" sizes=\"auto, (max-width: 768px) 100vw, 768px\" \/><figcaption class=\"wp-element-caption\">&#8230; Tobi ist schon da!<\/figcaption><\/figure>\n<figcaption class=\"blocks-gallery-caption wp-element-caption\"><strong>\u00dcber Stock und Stein<\/strong><\/figcaption><\/figure>\n\n\n\n<figure class=\"wp-block-image size-large is-resized\"><img loading=\"lazy\" decoding=\"async\" src=\"https:\/\/www.moinreise.de\/wp-content\/uploads\/2020\/02\/IMG_E8488_verkleinert-1024x768.jpg\" alt=\"\" class=\"wp-image-287\" width=\"510\" height=\"383\" srcset=\"https:\/\/www.moinreise.de\/wp-content\/uploads\/2020\/02\/IMG_E8488_verkleinert-1024x768.jpg 1024w, https:\/\/www.moinreise.de\/wp-content\/uploads\/2020\/02\/IMG_E8488_verkleinert-300x225.jpg 300w, https:\/\/www.moinreise.de\/wp-content\/uploads\/2020\/02\/IMG_E8488_verkleinert-768x576.jpg 768w, https:\/\/www.moinreise.de\/wp-content\/uploads\/2020\/02\/IMG_E8488_verkleinert-1536x1152.jpg 1536w, https:\/\/www.moinreise.de\/wp-content\/uploads\/2020\/02\/IMG_E8488_verkleinert-120x90.jpg 120w, https:\/\/www.moinreise.de\/wp-content\/uploads\/2020\/02\/IMG_E8488_verkleinert.jpg 2016w\" sizes=\"auto, (max-width: 510px) 100vw, 510px\" \/><figcaption class=\"wp-element-caption\"><strong>Gangstas in Paradise<\/strong><\/figcaption><\/figure>\n\n\n\n<p>Am Tag darauf ging es zu einem Hike auf den Pasochoa, der normalerweise 5-6 Stunden dauert. Nach den ersten 30 Minuten war ich bereit zur Umkehr, da es auf dieser H\u00f6he nicht wirklich m\u00f6glich war Luft zu bekommen und der Aufstieg doch ziemlich steil bergauf ging. Cocabl\u00e4tter, die wir in Cuenca auf dem Markt gekauft haben und die wir uns zwischen die Wangen schoben und dessen Saft wir auspressten, schafften Abhilfe. Die Sauerstoffaufnahme wird im Blut optimiert, die Lungenfl\u00fcgel weiten sich ein wenig und das Atmen f\u00e4llt leichter. In den s\u00fcdamerikanischen Anden geh\u00f6ren Cocabl\u00e4tter zum Alltag und bei den Andenv\u00f6lkern seit Jahrtausenden zur Lebenskultur. Sie sind hier weder illegal noch auf irgendeine Art und Weise berauschend. Um aus Cocabl\u00e4ttern Kokain zu gewinnen, wird eine exorbitante Menge des Rohstoffs und ein langer chemischer Prozess gebraucht. Vor drei Jahren in Peru und Bolivien hatten wir uns hier\u00fcber bereits ausgiebig informiert. Und als ich meine Skepsis abgelegt hatte und den ersten Cocatee getrunken haben, wobei die getrockneten Bl\u00e4tter einfach mit hei\u00dfen Wasser aufgegossen werden, war ich \u00fcber den guten Geschmack positiv \u00fcberrascht. Und es ist ansonsten nichts weiter passiert, au\u00dfer dass der H\u00f6henschwindel nachlie\u00df und einem das Atmen leichter fiel. <\/p>\n\n\n\n<figure class=\"wp-block-image size-large\"><img loading=\"lazy\" decoding=\"async\" width=\"1024\" height=\"438\" src=\"https:\/\/www.moinreise.de\/wp-content\/uploads\/2020\/02\/IMG_E8595_verkleinert-1024x438.jpg\" alt=\"\" class=\"wp-image-294\" srcset=\"https:\/\/www.moinreise.de\/wp-content\/uploads\/2020\/02\/IMG_E8595_verkleinert-1024x438.jpg 1024w, https:\/\/www.moinreise.de\/wp-content\/uploads\/2020\/02\/IMG_E8595_verkleinert-300x128.jpg 300w, https:\/\/www.moinreise.de\/wp-content\/uploads\/2020\/02\/IMG_E8595_verkleinert-768x328.jpg 768w, https:\/\/www.moinreise.de\/wp-content\/uploads\/2020\/02\/IMG_E8595_verkleinert-1536x657.jpg 1536w, https:\/\/www.moinreise.de\/wp-content\/uploads\/2020\/02\/IMG_E8595_verkleinert-2048x876.jpg 2048w\" sizes=\"auto, (max-width: 1024px) 100vw, 1024px\" \/><figcaption class=\"wp-element-caption\"><strong>We did it: Pasochoa!<\/strong><\/figcaption><\/figure>\n\n\n\n<p>Wir k\u00e4mpften uns also weiter hoch auf den Pasochoa, auf dessen Spitze wir auf 4.200 m standen und einen wunderbaren Ausblick unter anderem auf Quito hatten. Wir waren insgesamt zehn Hiker plus unser deutscher Guide Joshua und zwei Hunde vom Hostel, die den Hike jeden Tag machen. Obwohl wir beide gemeinsam mit einem Engl\u00e4nder immer die letzten der Gruppe waren und immer wieder Pausen machen mussten, waren wir am Ende nach 4,5 (!!) Stunden fix und fertig unten in unserer Herberge! Meine Fresse, wir h\u00e4tten uns doch noch mehr Zeit lassen sollen\u2026 F\u00fcr mich war das wirklich grenzwertig!<\/p>\n\n\n\n<figure class=\"wp-block-image size-large is-resized\"><img loading=\"lazy\" decoding=\"async\" src=\"https:\/\/www.moinreise.de\/wp-content\/uploads\/2020\/02\/IMG_E8629_verkleinert-768x1024.jpg\" alt=\"\" class=\"wp-image-296\" width=\"412\" height=\"549\" srcset=\"https:\/\/www.moinreise.de\/wp-content\/uploads\/2020\/02\/IMG_E8629_verkleinert-768x1024.jpg 768w, https:\/\/www.moinreise.de\/wp-content\/uploads\/2020\/02\/IMG_E8629_verkleinert-225x300.jpg 225w, https:\/\/www.moinreise.de\/wp-content\/uploads\/2020\/02\/IMG_E8629_verkleinert-1152x1536.jpg 1152w, https:\/\/www.moinreise.de\/wp-content\/uploads\/2020\/02\/IMG_E8629_verkleinert.jpg 1210w\" sizes=\"auto, (max-width: 412px) 100vw, 412px\" \/><figcaption class=\"wp-element-caption\"><strong>Fix und foxi auf dem letzten Abschnitt nach unten im Mossy Forest<\/strong><\/figcaption><\/figure>\n\n\n\n<p>Den Rest des Tages war der \u00fcbliche Rhythmus angesagt \u2013 achja, das habe ich noch gar nicht berichtet: Warum Klassenfahrt? 7:30 Uhr Fr\u00fchst\u00fcck f\u00fcr alle, 13 Uhr Mittagessen f\u00fcr alle, 17 Uhr Meeting f\u00fcr alle, um zu besprechen wer was am n\u00e4chsten Tag machen m\u00f6chte, 19 Uhr Abendessen f\u00fcr alle! Au\u00dferdem waren 90 % der Bewohner j\u00fcnger als wir, inkl. des Personals. Die meisten \u00fcbernachteten in Dorms (Mehrbettzimmern), aber daf\u00fcr sind wir mittlerweile viel zu sehr Flashpacker, als Backpacker. Wir haben gerne unser eigenes Zimmer, wenn m\u00f6glich mit privatem Badezimmer. Dies hatten wir auch hier: eine Caba\u00f1a mit Doppelbett, Bad und eigenem Ofen. Dieser wurde abends angez\u00fcndet und es war dann nach dem Abendessen immer ein saunaartiger Zustand in unserem H\u00e4uschen, in dem wir es dann ohne zu L\u00fcften gar nicht aushielten. Gefroren haben wir in den N\u00e4chten mit einstelligen Temperaturen zumindest nicht.<\/p>\n\n\n\n<figure class=\"wp-block-image size-large is-resized\"><img loading=\"lazy\" decoding=\"async\" src=\"https:\/\/www.moinreise.de\/wp-content\/uploads\/2020\/02\/IMG_E8679_verkleinert-1024x768.jpg\" alt=\"\" class=\"wp-image-293\" width=\"504\" height=\"378\" srcset=\"https:\/\/www.moinreise.de\/wp-content\/uploads\/2020\/02\/IMG_E8679_verkleinert-1024x768.jpg 1024w, https:\/\/www.moinreise.de\/wp-content\/uploads\/2020\/02\/IMG_E8679_verkleinert-300x225.jpg 300w, https:\/\/www.moinreise.de\/wp-content\/uploads\/2020\/02\/IMG_E8679_verkleinert-768x576.jpg 768w, https:\/\/www.moinreise.de\/wp-content\/uploads\/2020\/02\/IMG_E8679_verkleinert-1536x1152.jpg 1536w, https:\/\/www.moinreise.de\/wp-content\/uploads\/2020\/02\/IMG_E8679_verkleinert-120x90.jpg 120w, https:\/\/www.moinreise.de\/wp-content\/uploads\/2020\/02\/IMG_E8679_verkleinert.jpg 2016w\" sizes=\"auto, (max-width: 504px) 100vw, 504px\" \/><figcaption class=\"wp-element-caption\"><strong>Zwischendurch bekamen wir auf unserer Terrasse Besuch von Black and White<\/strong><\/figcaption><\/figure>\n\n\n\n<figure class=\"wp-block-image size-large is-resized\"><img loading=\"lazy\" decoding=\"async\" src=\"https:\/\/www.moinreise.de\/wp-content\/uploads\/2020\/02\/IMG_E8509_verkleinert-1024x732.jpg\" alt=\"\" class=\"wp-image-297\" width=\"503\" height=\"359\" srcset=\"https:\/\/www.moinreise.de\/wp-content\/uploads\/2020\/02\/IMG_E8509_verkleinert-1024x732.jpg 1024w, https:\/\/www.moinreise.de\/wp-content\/uploads\/2020\/02\/IMG_E8509_verkleinert-300x214.jpg 300w, https:\/\/www.moinreise.de\/wp-content\/uploads\/2020\/02\/IMG_E8509_verkleinert-768x549.jpg 768w, https:\/\/www.moinreise.de\/wp-content\/uploads\/2020\/02\/IMG_E8509_verkleinert-1536x1097.jpg 1536w, https:\/\/www.moinreise.de\/wp-content\/uploads\/2020\/02\/IMG_E8509_verkleinert.jpg 2006w\" sizes=\"auto, (max-width: 503px) 100vw, 503px\" \/><figcaption class=\"wp-element-caption\"><strong>Swinging with a view \ud83d\ude42<\/strong><\/figcaption><\/figure>\n\n\n\n<p><strong>Ecuadors Hauptstadt Quito<\/strong>&#8230;<\/p>\n\n\n\n<p>Am Abreisetag h\u00e4tten wir auch noch einen Ausflug machen k\u00f6nnen, aber wir waren noch so fertig von dem Pasochoa-Hike, dass wir nur faulenzten und unsere Fotos sortierten. Abreise war um 15 Uhr mit einem Kleinbus nach Quito \u2013 Ecuadors Hauptstadt. In Quito angekommen beklagte sich Tobi bereits \u00fcber starke Halsschmerzen und Schluckbeschwerden, zu denen sich am n\u00e4chsten Tag auch noch Fieber, Schnupfen und Husten gesellte. Wir beschlossen einen Arzt aufzusuchen, der online von der deutschen Botschaft in Quito empfohlen wurde und der gl\u00fccklicherweise nur einen Kilometer fussl\u00e4ufig von uns entfernt war. Der Arzt war sehr nett und konnte flie\u00dfend deutsch und fand heraus, dass Tobi eine bakterielle  Rachenwegsentz\u00fcndung hatte, gepaart mit einer Erk\u00e4ltung. Dies hatte Tobi ebenfalls schon vermutet, aber wir wollten ausschlie\u00dfen, dass es sich bei dem Fieber um etwas Anderes handelt, wo wir die vergangenen Wochen doch in Gebieten unterwegs waren, in denen Malaria, Dengue- und Gelbfieber verbreitet waren. So gingen wir nach Hause, ich kochte eine H\u00fchnersuppe und Tobi ruhte sich zugedr\u00f6hnt mit Antibiotika und Ibuprofen aus. Ich habe mich an dem Abend noch mit Damian auf ein Bierchen getroffen, den netten Ecuadorianer, den wir bereits auf den Gal\u00e1pagosinseln kennen gelernt haben. <\/p>\n\n\n\n<figure class=\"wp-block-image size-large\"><img loading=\"lazy\" decoding=\"async\" width=\"1024\" height=\"340\" src=\"https:\/\/www.moinreise.de\/wp-content\/uploads\/2020\/02\/IMG_E8754_verkleinert-1024x340.jpg\" alt=\"\" class=\"wp-image-299\" srcset=\"https:\/\/www.moinreise.de\/wp-content\/uploads\/2020\/02\/IMG_E8754_verkleinert-1024x340.jpg 1024w, https:\/\/www.moinreise.de\/wp-content\/uploads\/2020\/02\/IMG_E8754_verkleinert-300x100.jpg 300w, https:\/\/www.moinreise.de\/wp-content\/uploads\/2020\/02\/IMG_E8754_verkleinert-768x255.jpg 768w, https:\/\/www.moinreise.de\/wp-content\/uploads\/2020\/02\/IMG_E8754_verkleinert-1536x511.jpg 1536w, https:\/\/www.moinreise.de\/wp-content\/uploads\/2020\/02\/IMG_E8754_verkleinert-2048x681.jpg 2048w\" sizes=\"auto, (max-width: 1024px) 100vw, 1024px\" \/><figcaption class=\"wp-element-caption\"><strong>Tobi beim Arzt<\/strong><\/figcaption><\/figure>\n\n\n\n<p>Am Tag drauf bin ich alleine mit dem Uber zur Haltestelle des Hop On Hop Off Bus von Quito gefahren und habe eine dreist\u00fcndige Stadtrundfahrt mitgemacht. Bis auf diese Busfahrt und den fantastischen Ausblick von unserer Wohnung, haben wir leider nichts weiter von Quito sehen k\u00f6nnen. Aber das macht nichts, denn Ecuador hat uns sehr gut gefallen. Trotz, dass uns die 500,- US$ unberechtigterweise abgebucht wurden, dass zu Hause der Heizungsschaden war, dass wir diese unsch\u00f6ne Erfahrung mit der F\u00e4hre hatten, mein Girokonto kurzfristig gesperrt war, ich mit Knieschmerzen zu k\u00e4mpfen hatte und Tobi mit Fieber im Bett lag&#8230; wir k\u00f6nnen sagen: Ecuador, wir kommen definitiv wieder! Die n\u00e4chste Route ist bereits mit Damians Hilfe ausgearbeitet. \ud83d\ude42 Ein echt geiles Land, mit gutem Essen, freundlichen, \u00e4u\u00dferst hilfbereiten und gastfreundschaftlichen Menschen, einer atemberaubenden Landschaft und einer interessanten Kultur. Wenn die Gal\u00e1pagosinseln ausgeklammert werden, ist Ecuador auch gut mit kleinem Budget zu bereisen und vor allem ist es hier sicher. Also Leute, vamos a Ecuador!<\/p>\n\n\n\n<figure class=\"wp-block-image size-large is-resized\"><img loading=\"lazy\" decoding=\"async\" src=\"https:\/\/www.moinreise.de\/wp-content\/uploads\/2020\/02\/IMG_E8747_verkleinert-1024x562.jpg\" alt=\"\" class=\"wp-image-301\" width=\"559\" height=\"306\" srcset=\"https:\/\/www.moinreise.de\/wp-content\/uploads\/2020\/02\/IMG_E8747_verkleinert-1024x562.jpg 1024w, https:\/\/www.moinreise.de\/wp-content\/uploads\/2020\/02\/IMG_E8747_verkleinert-300x165.jpg 300w, https:\/\/www.moinreise.de\/wp-content\/uploads\/2020\/02\/IMG_E8747_verkleinert-768x422.jpg 768w, https:\/\/www.moinreise.de\/wp-content\/uploads\/2020\/02\/IMG_E8747_verkleinert-1536x843.jpg 1536w, https:\/\/www.moinreise.de\/wp-content\/uploads\/2020\/02\/IMG_E8747_verkleinert.jpg 1787w\" sizes=\"auto, (max-width: 559px) 100vw, 559px\" \/><figcaption class=\"wp-element-caption\"><strong>Tobis einziger Eindruck von Quito: Blick von unserem Balkon<\/strong><\/figcaption><\/figure>\n\n\n\n<figure class=\"wp-block-image size-large is-resized\"><img loading=\"lazy\" decoding=\"async\" src=\"https:\/\/www.moinreise.de\/wp-content\/uploads\/2020\/02\/IMG_E8766_verkleinert-1024x768.jpg\" alt=\"\" class=\"wp-image-304\" width=\"496\" height=\"372\" srcset=\"https:\/\/www.moinreise.de\/wp-content\/uploads\/2020\/02\/IMG_E8766_verkleinert-1024x768.jpg 1024w, https:\/\/www.moinreise.de\/wp-content\/uploads\/2020\/02\/IMG_E8766_verkleinert-300x225.jpg 300w, https:\/\/www.moinreise.de\/wp-content\/uploads\/2020\/02\/IMG_E8766_verkleinert-768x576.jpg 768w, https:\/\/www.moinreise.de\/wp-content\/uploads\/2020\/02\/IMG_E8766_verkleinert-1536x1152.jpg 1536w, https:\/\/www.moinreise.de\/wp-content\/uploads\/2020\/02\/IMG_E8766_verkleinert-120x90.jpg 120w, https:\/\/www.moinreise.de\/wp-content\/uploads\/2020\/02\/IMG_E8766_verkleinert.jpg 2016w\" sizes=\"auto, (max-width: 496px) 100vw, 496px\" \/><figcaption class=\"wp-element-caption\"><strong>Mucho tr\u00e1fico in Quito in der guten Wohngegend, in der wir n\u00e4chtigten<\/strong><\/figcaption><\/figure>\n\n\n\n<figure class=\"wp-block-image size-large\"><img loading=\"lazy\" decoding=\"async\" width=\"1024\" height=\"352\" src=\"https:\/\/www.moinreise.de\/wp-content\/uploads\/2020\/02\/IMG_E8825_verkleinert-1024x352.jpg\" alt=\"\" class=\"wp-image-302\" srcset=\"https:\/\/www.moinreise.de\/wp-content\/uploads\/2020\/02\/IMG_E8825_verkleinert-1024x352.jpg 1024w, https:\/\/www.moinreise.de\/wp-content\/uploads\/2020\/02\/IMG_E8825_verkleinert-300x103.jpg 300w, https:\/\/www.moinreise.de\/wp-content\/uploads\/2020\/02\/IMG_E8825_verkleinert-768x264.jpg 768w, https:\/\/www.moinreise.de\/wp-content\/uploads\/2020\/02\/IMG_E8825_verkleinert.jpg 1126w\" sizes=\"auto, (max-width: 1024px) 100vw, 1024px\" \/><figcaption class=\"wp-element-caption\"><strong>Blick auf Quito, im Vordergrund das Casco Hist\u00f3rico<\/strong><\/figcaption><\/figure>\n\n\n\n<figure class=\"wp-block-image size-large is-resized\"><img loading=\"lazy\" decoding=\"async\" src=\"https:\/\/www.moinreise.de\/wp-content\/uploads\/2020\/02\/IMG_E8830_verkleinert-1024x768.jpg\" alt=\"\" class=\"wp-image-303\" width=\"505\" height=\"379\" srcset=\"https:\/\/www.moinreise.de\/wp-content\/uploads\/2020\/02\/IMG_E8830_verkleinert-1024x768.jpg 1024w, https:\/\/www.moinreise.de\/wp-content\/uploads\/2020\/02\/IMG_E8830_verkleinert-300x225.jpg 300w, https:\/\/www.moinreise.de\/wp-content\/uploads\/2020\/02\/IMG_E8830_verkleinert-768x576.jpg 768w, https:\/\/www.moinreise.de\/wp-content\/uploads\/2020\/02\/IMG_E8830_verkleinert-1536x1152.jpg 1536w, https:\/\/www.moinreise.de\/wp-content\/uploads\/2020\/02\/IMG_E8830_verkleinert-120x90.jpg 120w, https:\/\/www.moinreise.de\/wp-content\/uploads\/2020\/02\/IMG_E8830_verkleinert.jpg 1849w\" sizes=\"auto, (max-width: 505px) 100vw, 505px\" \/><figcaption class=\"wp-element-caption\"><strong>Quitos nicht so nette Gegend<\/strong><\/figcaption><\/figure>\n\n\n\n<p>PS: Wir haben das Geld von der Santander Bank \u00fcbrigens zur\u00fcckerstattet bekommen!<\/p>\n","protected":false},"excerpt":{"rendered":"<p>Unsere Reisezeit: Januar 2020 Auf geht&#8217;s zum Cotopaxi! Von Riobamba Centro ging es mit dem Taxi zum Terminal Terrestre (so hei\u00dfen die gro\u00dfen Busbahnh\u00f6fe in den spansichsprachigen angloamerikanischen L\u00e4ndern) und wir hofften einen Bus nach Machachi zu erwischen. Unsere n\u00e4chste Unterkunft lag n\u00e4mlich so weit in der Pampa, dass es dort weder Internet noch Handyempfang&hellip;<\/p>\n","protected":false},"author":3,"featured_media":0,"comment_status":"open","ping_status":"open","sticky":false,"template":"","format":"standard","meta":{"_monsterinsights_skip_tracking":false,"_monsterinsights_sitenote_active":false,"_monsterinsights_sitenote_note":"","_monsterinsights_sitenote_category":0,"footnotes":""},"categories":[5],"tags":[],"class_list":["post-283","post","type-post","status-publish","format-standard","hentry","category-suedamerika"],"aioseo_notices":[],"post_mailing_queue_ids":[],"_links":{"self":[{"href":"https:\/\/www.moinreise.de\/index.php\/wp-json\/wp\/v2\/posts\/283","targetHints":{"allow":["GET"]}}],"collection":[{"href":"https:\/\/www.moinreise.de\/index.php\/wp-json\/wp\/v2\/posts"}],"about":[{"href":"https:\/\/www.moinreise.de\/index.php\/wp-json\/wp\/v2\/types\/post"}],"author":[{"embeddable":true,"href":"https:\/\/www.moinreise.de\/index.php\/wp-json\/wp\/v2\/users\/3"}],"replies":[{"embeddable":true,"href":"https:\/\/www.moinreise.de\/index.php\/wp-json\/wp\/v2\/comments?post=283"}],"version-history":[{"count":15,"href":"https:\/\/www.moinreise.de\/index.php\/wp-json\/wp\/v2\/posts\/283\/revisions"}],"predecessor-version":[{"id":1357,"href":"https:\/\/www.moinreise.de\/index.php\/wp-json\/wp\/v2\/posts\/283\/revisions\/1357"}],"wp:attachment":[{"href":"https:\/\/www.moinreise.de\/index.php\/wp-json\/wp\/v2\/media?parent=283"}],"wp:term":[{"taxonomy":"category","embeddable":true,"href":"https:\/\/www.moinreise.de\/index.php\/wp-json\/wp\/v2\/categories?post=283"},{"taxonomy":"post_tag","embeddable":true,"href":"https:\/\/www.moinreise.de\/index.php\/wp-json\/wp\/v2\/tags?post=283"}],"curies":[{"name":"wp","href":"https:\/\/api.w.org\/{rel}","templated":true}]}}